{"id":60395,"date":"2023-06-09T20:06:58","date_gmt":"2023-06-09T18:06:58","guid":{"rendered":"https:\/\/jugulajm.net\/?p=60395"},"modified":"2023-06-09T20:07:25","modified_gmt":"2023-06-09T18:07:25","slug":"itali-vrau-shqiptarin-33-vjecar-ja-cfare-deklaron-petrit-gega-degjoj-zera-shoh-djallin-dhe","status":"publish","type":"post","link":"https:\/\/jugulajm.net\/?p=60395","title":{"rendered":"Itali\/ Vrau shqiptarin 33-vje\u00e7ar, ja \u00e7far\u00eb deklaroi Petrit Gega: D\u00ebgjoj z\u00ebra, shoh djallin dhe&#8230;"},"content":{"rendered":"<p><em>D\u00ebgjoj z\u00ebra, shoh djallin. Dua t\u00eb flas me nj\u00eb ekzorcist\u201d.<\/em>\u00a0K\u00ebto jan\u00eb disa prej deklaratave q\u00eb p\u00ebrcjell\u00a0<strong><a href=\"https:\/\/www.bresciatoday.it\/cronaca\/alfons-kola-petrit-gega.html\">Giornale di Brescia<\/a><\/strong>\u00a0dhe q\u00eb i p\u00ebrkasin Petrit Geg\u00ebs, 52-vje\u00e7arit shqiptar i akuzuar p\u00ebr vrasjen e bashkatdhetarit Alfons Kola. 33-vje\u00e7ari mbeti i vrar\u00eb me thik\u00eb pasditen e 31 Majit, jasht\u00eb nj\u00eb lokali n\u00eb Calcinatello t\u00eb Brescia-s.<\/p>\n<p>Gega u ndalua nga karabinier\u00ebt rreth 1 or\u00eb pas krimit. Autoritetet i trokit\u00ebn n\u00eb der\u00ebn e sht\u00ebpis\u00eb n\u00eb Lonato, ku 52-vje\u00e7ari me profesion murator, jetonte me bashk\u00ebshorten dhe f\u00ebmij\u00ebt.<\/p>\n<p>Ishin kamerat e shumta t\u00eb siguris\u00eb n\u00eb zon\u00eb q\u00eb e identifikuan. Kamerat filmuan po ashtu momentin e sherrit fillimisht me fjal\u00eb e m\u00eb pas goditjen disa her\u00eb t\u00eb 33-vje\u00e7arit me nj\u00eb thik\u00eb kuzhine.<\/p>\n<p>Alfons Kola gjeti vdekjen disa or\u00eb m\u00eb von\u00eb n\u00eb spitalin e Brescia-s ku u transportua me helikopter n\u00eb gjendje t\u00eb r\u00ebnd\u00eb. Kola dhe Gega ishin t\u00eb dy nga fshati Kallmet i Vog\u00ebl i Lezh\u00ebs, fqinj me nj\u00ebri-tjetrin. Pik\u00ebrisht njohja e tyre e hershme, b\u00ebn q\u00eb hetuesit italian\u00eb t\u00eb mos p\u00ebrjashtojn\u00eb mund\u00ebsin\u00eb se krimi mund t\u00eb ket\u00eb ardhur edhe p\u00ebr shkak t\u00eb m\u00ebrive t\u00eb vjetra.<\/p>\n<p>Megjithat\u00eb, ende nuk ka nj\u00eb motiv p\u00ebr krimin e r\u00ebnd\u00eb. Petrit Gega nuk ka folur ende p\u00ebr k\u00ebt\u00eb. Ai m\u00ebsohet se ka k\u00ebrkuar ekzorcist dhe ka pretenduar se d\u00ebgjon z\u00ebra.<\/p>\n<p>Kujtojm\u00eb se pak dit\u00eb m\u00eb par\u00eb, mbrojt\u00ebsja ligjore e 52-vje\u00e7arit tha se \u201cb\u00ebhet fjal\u00eb p\u00ebr nj\u00eb \u00e7\u00ebshtje delikate\u201d, pa dh\u00ebn\u00eb shpjegime t\u00eb m\u00ebtejshme, duke shtuar edhe m\u00eb shum\u00eb misterin rreth k\u00ebsaj vrasjeje.<\/p>\n","protected":false},"excerpt":{"rendered":"<p>D\u00ebgjoj z\u00ebra, shoh djallin. Dua t\u00eb flas me nj\u00eb ekzorcist\u201d.\u00a0K\u00ebto jan\u00eb disa prej deklaratave q\u00eb p\u00ebrcjell\u00a0Giornale di Brescia\u00a0dhe q\u00eb i p\u00ebrkasin Petrit Geg\u00ebs, 52-vje\u00e7arit shqiptar i akuzuar p\u00ebr vrasjen e bashkatdhetarit Alfons Kola. 33-vje\u00e7ari mbeti i vrar\u00eb me thik\u00eb pasditen e 31 Majit, jasht\u00eb nj\u00eb lokali n\u00eb Calcinatello t\u00eb Brescia-s. Gega u ndalua nga karabinier\u00ebt [&hellip;]<\/p>\n","protected":false},"author":5,"featured_media":0,"comment_status":"closed","ping_status":"closed","sticky":false,"template":"","format":"standard","meta":{"footnotes":""},"categories":[1,6332],"tags":[23955,23956,23957],"class_list":{"0":"post-60395","1":"post","2":"type-post","3":"status-publish","4":"format-standard","6":"category-aktualitet","7":"category-te-fundit","8":"tag-itali-vrau-shqiptarin-33-vjecar","9":"tag-ja-cfare-deklaron-petrit-gega-degjoj-zera","10":"tag-shoh-djallin-dhe"},"_links":{"self":[{"href":"https:\/\/jugulajm.net\/index.php?rest_route=\/wp\/v2\/posts\/60395","targetHints":{"allow":["GET"]}}],"collection":[{"href":"https:\/\/jugulajm.net\/index.php?rest_route=\/wp\/v2\/posts"}],"about":[{"href":"https:\/\/jugulajm.net\/index.php?rest_route=\/wp\/v2\/types\/post"}],"author":[{"embeddable":true,"href":"https:\/\/jugulajm.net\/index.php?rest_route=\/wp\/v2\/users\/5"}],"replies":[{"embeddable":true,"href":"https:\/\/jugulajm.net\/index.php?rest_route=%2Fwp%2Fv2%2Fcomments&post=60395"}],"version-history":[{"count":0,"href":"https:\/\/jugulajm.net\/index.php?rest_route=\/wp\/v2\/posts\/60395\/revisions"}],"wp:attachment":[{"href":"https:\/\/jugulajm.net\/index.php?rest_route=%2Fwp%2Fv2%2Fmedia&parent=60395"}],"wp:term":[{"taxonomy":"category","embeddable":true,"href":"https:\/\/jugulajm.net\/index.php?rest_route=%2Fwp%2Fv2%2Fcategories&post=60395"},{"taxonomy":"post_tag","embeddable":true,"href":"https:\/\/jugulajm.net\/index.php?rest_route=%2Fwp%2Fv2%2Ftags&post=60395"}],"curies":[{"name":"wp","href":"https:\/\/api.w.org\/{rel}","templated":true}]}}