{"id":60331,"date":"2023-06-08T12:32:43","date_gmt":"2023-06-08T10:32:43","guid":{"rendered":"https:\/\/jugulajm.net\/?p=60331"},"modified":"2023-06-08T12:32:55","modified_gmt":"2023-06-08T10:32:55","slug":"plagosi-gruan-me-thike-myrtellari-cupa-me-pinte-cigare-gruaja-kishte-florinj-ne-qafe-dhe","status":"publish","type":"post","link":"https:\/\/jugulajm.net\/?p=60331","title":{"rendered":"Plagosi gruan me thik\u00eb, Myrtellari: \u00c7upa m\u00eb pinte cigare, gruaja kishte florinj n\u00eb qaf\u00eb dhe&#8230;"},"content":{"rendered":"<p>Ka dal\u00eb sot para gjykat\u00ebs s\u00eb Kor\u00e7\u00ebs p\u00ebr t\u2019u njohur me mas\u00ebn e siguris\u00eb, 46-vje\u00e7ari Aleko Myrtollari i cili plagosi me thik\u00eb bashk\u00ebshorten e tij, Marjola Myrtellari.<\/p>\n<p>Para nisjes s\u00eb seanc\u00ebs, Myrtellari ka shprehur pendes\u00eb p\u00ebr ngjarjen ku p\u00ebr mediat tha se shkak p\u00ebr agregimin e situat\u00ebs \u00ebsht\u00eb b\u00ebr\u00eb pasi bashk\u00ebshortja ia prishte parat\u00eb dhe nuk edukonte f\u00ebmij\u00ebt.<\/p>\n<div>\n<p><strong>Pse e plagose?<\/strong><\/p>\n<\/div>\n<p>\u201cM\u00eb mbet\u00ebn f\u00ebmij\u00ebt pa shkoll\u00eb p\u00ebr shkak t\u00eb gruas dhe nuk u edukuan mir\u00eb. Un\u00eb punoja jasht\u00eb shtetit, ajo prishte parat\u00eb e mia k\u00ebtu dhe varte florinj n\u00eb qaf\u00eb. \u00c7upa me pinte cigare dhe f\u00ebmij\u00ebt ishin pa shkoll\u00eb kur erdha nga Gjermania, nd\u00ebrkoh\u00eb q\u00eb gruaja kishte florinj n\u00eb qaf\u00eb. U pendova p\u00ebr krimin. Nuk gjeta nj\u00eb familje t\u00eb rregullt\u201d, tha ai.<\/p>\n","protected":false},"excerpt":{"rendered":"<p>Ka dal\u00eb sot para gjykat\u00ebs s\u00eb Kor\u00e7\u00ebs p\u00ebr t\u2019u njohur me mas\u00ebn e siguris\u00eb, 46-vje\u00e7ari Aleko Myrtollari i cili plagosi me thik\u00eb bashk\u00ebshorten e tij, Marjola Myrtellari. Para nisjes s\u00eb seanc\u00ebs, Myrtellari ka shprehur pendes\u00eb p\u00ebr ngjarjen ku p\u00ebr mediat tha se shkak p\u00ebr agregimin e situat\u00ebs \u00ebsht\u00eb b\u00ebr\u00eb pasi bashk\u00ebshortja ia prishte parat\u00eb dhe [&hellip;]<\/p>\n","protected":false},"author":5,"featured_media":60332,"comment_status":"closed","ping_status":"closed","sticky":false,"template":"","format":"standard","meta":{"footnotes":""},"categories":[1,6332],"tags":[23917,23916,23915],"class_list":{"0":"post-60331","1":"post","2":"type-post","3":"status-publish","4":"format-standard","5":"has-post-thumbnail","7":"category-aktualitet","8":"category-te-fundit","9":"tag-gruaja-kishte-florinj-ne-qafe-dhe","10":"tag-myrtellari-cupa-me-pinte-cigare","11":"tag-plagosi-gruan-me-thike"},"_links":{"self":[{"href":"https:\/\/jugulajm.net\/index.php?rest_route=\/wp\/v2\/posts\/60331","targetHints":{"allow":["GET"]}}],"collection":[{"href":"https:\/\/jugulajm.net\/index.php?rest_route=\/wp\/v2\/posts"}],"about":[{"href":"https:\/\/jugulajm.net\/index.php?rest_route=\/wp\/v2\/types\/post"}],"author":[{"embeddable":true,"href":"https:\/\/jugulajm.net\/index.php?rest_route=\/wp\/v2\/users\/5"}],"replies":[{"embeddable":true,"href":"https:\/\/jugulajm.net\/index.php?rest_route=%2Fwp%2Fv2%2Fcomments&post=60331"}],"version-history":[{"count":0,"href":"https:\/\/jugulajm.net\/index.php?rest_route=\/wp\/v2\/posts\/60331\/revisions"}],"wp:featuredmedia":[{"embeddable":true,"href":"https:\/\/jugulajm.net\/index.php?rest_route=\/wp\/v2\/media\/60332"}],"wp:attachment":[{"href":"https:\/\/jugulajm.net\/index.php?rest_route=%2Fwp%2Fv2%2Fmedia&parent=60331"}],"wp:term":[{"taxonomy":"category","embeddable":true,"href":"https:\/\/jugulajm.net\/index.php?rest_route=%2Fwp%2Fv2%2Fcategories&post=60331"},{"taxonomy":"post_tag","embeddable":true,"href":"https:\/\/jugulajm.net\/index.php?rest_route=%2Fwp%2Fv2%2Ftags&post=60331"}],"curies":[{"name":"wp","href":"https:\/\/api.w.org\/{rel}","templated":true}]}}