{"id":60284,"date":"2023-06-07T16:50:39","date_gmt":"2023-06-07T14:50:39","guid":{"rendered":"https:\/\/jugulajm.net\/?p=60284"},"modified":"2023-06-07T16:50:39","modified_gmt":"2023-06-07T14:50:39","slug":"emri-foto-vrasja-ne-don-bosko-prangoset-28-vjecari","status":"publish","type":"post","link":"https:\/\/jugulajm.net\/?p=60284","title":{"rendered":"EMRI-FOTO\/ Vrasja n\u00eb Don Bosko, prangoset 28-vje\u00e7ari"},"content":{"rendered":"<p>Gjyakta e Tiran\u00ebs ka dh\u00ebn\u00eb dit\u00ebn e sotme mas\u00ebn \u201carrest me burg\u201d p\u00ebr 28-vje\u00e7arin, Nikoll Sherrniku, i dyshuar si bashk\u00ebpun\u00ebtor n\u00eb ngjarjen e dat\u00ebs 12.03.2023, n\u00eb \u201cDon Bosko\u201d ku mbeti e vrar\u00eb Mimoza Paja dhe u plagos\u00ebn disa t\u00eb tjer\u00eb.<\/p>\n<p>Sherrniku sipas hetimeve ka siguruar mjetet e p\u00ebrdorura n\u00eb ngjarje, si targat e makin\u00ebs t\u00eb marra n\u00eb Gjermani.<\/p>\n<p>28-vje\u00e7ari \u00ebsht\u00eb arrestuar m\u00eb her\u00ebt edhe si autor i dyshuar p\u00ebr vrasjen e Xhuljo Prel\u00ebs n\u00eb dhjetor t\u00eb vitit 2020 n\u00eb aksin rrugor Lezh\u00eb -Milot.<\/p>\n<p>Po ashtu m\u00ebsohet se Sherrniku \u00ebsht\u00eb arrestuar n\u00eb gusht t\u00eb vitit t\u00eb kaluar n\u00eb Sh\u00ebgjin me kallashnikov n\u00eb automjet bashk\u00eb me nj\u00eb vajz\u00eb ku dyshohej se do t\u00eb kryente vrasje.<\/p>\n<p>Materialet p\u00ebr atentatin n\u00eb \u201cDon Bosko\u201d i kishte siguruar para se t\u00eb arrestohej.<\/p>\n","protected":false},"excerpt":{"rendered":"<p>Gjyakta e Tiran\u00ebs ka dh\u00ebn\u00eb dit\u00ebn e sotme mas\u00ebn \u201carrest me burg\u201d p\u00ebr 28-vje\u00e7arin, Nikoll Sherrniku, i dyshuar si bashk\u00ebpun\u00ebtor n\u00eb ngjarjen e dat\u00ebs 12.03.2023, n\u00eb \u201cDon Bosko\u201d ku mbeti e vrar\u00eb Mimoza Paja dhe u plagos\u00ebn disa t\u00eb tjer\u00eb. Sherrniku sipas hetimeve ka siguruar mjetet e p\u00ebrdorura n\u00eb ngjarje, si targat e makin\u00ebs t\u00eb [&hellip;]<\/p>\n","protected":false},"author":5,"featured_media":60285,"comment_status":"closed","ping_status":"closed","sticky":false,"template":"","format":"standard","meta":{"footnotes":""},"categories":[1,6332],"tags":[23895,22572],"class_list":{"0":"post-60284","1":"post","2":"type-post","3":"status-publish","4":"format-standard","5":"has-post-thumbnail","7":"category-aktualitet","8":"category-te-fundit","9":"tag-emri-foto-vrasja-ne-don-bosko","10":"tag-prangoset-28-vjecari"},"_links":{"self":[{"href":"https:\/\/jugulajm.net\/index.php?rest_route=\/wp\/v2\/posts\/60284","targetHints":{"allow":["GET"]}}],"collection":[{"href":"https:\/\/jugulajm.net\/index.php?rest_route=\/wp\/v2\/posts"}],"about":[{"href":"https:\/\/jugulajm.net\/index.php?rest_route=\/wp\/v2\/types\/post"}],"author":[{"embeddable":true,"href":"https:\/\/jugulajm.net\/index.php?rest_route=\/wp\/v2\/users\/5"}],"replies":[{"embeddable":true,"href":"https:\/\/jugulajm.net\/index.php?rest_route=%2Fwp%2Fv2%2Fcomments&post=60284"}],"version-history":[{"count":0,"href":"https:\/\/jugulajm.net\/index.php?rest_route=\/wp\/v2\/posts\/60284\/revisions"}],"wp:featuredmedia":[{"embeddable":true,"href":"https:\/\/jugulajm.net\/index.php?rest_route=\/wp\/v2\/media\/60285"}],"wp:attachment":[{"href":"https:\/\/jugulajm.net\/index.php?rest_route=%2Fwp%2Fv2%2Fmedia&parent=60284"}],"wp:term":[{"taxonomy":"category","embeddable":true,"href":"https:\/\/jugulajm.net\/index.php?rest_route=%2Fwp%2Fv2%2Fcategories&post=60284"},{"taxonomy":"post_tag","embeddable":true,"href":"https:\/\/jugulajm.net\/index.php?rest_route=%2Fwp%2Fv2%2Ftags&post=60284"}],"curies":[{"name":"wp","href":"https:\/\/api.w.org\/{rel}","templated":true}]}}