{"id":60259,"date":"2023-06-07T10:15:32","date_gmt":"2023-06-07T08:15:32","guid":{"rendered":"https:\/\/jugulajm.net\/?p=60259"},"modified":"2023-06-07T10:15:32","modified_gmt":"2023-06-07T08:15:32","slug":"goditi-gruan-me-thike-zbardhet-deshmia-e-myrtollarit-ne-polici-i-kerkova-gruas-qe-te","status":"publish","type":"post","link":"https:\/\/jugulajm.net\/?p=60259","title":{"rendered":"Goditi gruan me thik\u00eb, zbardhet d\u00ebshmia e Myrtollarit n\u00eb polici: I k\u00ebrkova gruas q\u00eb t\u00eb&#8230;"},"content":{"rendered":"<p>Zbardhet d\u00ebshmia e Aleko Myrtollarit para uniformave blu t\u00eb Kor\u00e7\u00ebs.<\/p>\n<p>Gjat\u00eb marrjes n\u00eb pyetje nga policia, autori i krimit, ka deklaruar se konflikti me bashk\u00ebshorten e tij Marjola, ka ndodhur p\u00ebr shkak se kjo e fundit nuk ka dashur t\u00eb punoj\u00eb.<\/p>\n<p>Ai i ka k\u00ebrkuar q\u00eb t\u00eb nis\u00eb pun\u00eb, nd\u00ebrsa bashk\u00ebshortja i ka th\u00ebn\u00eb q\u00eb nuk ka dashur, dhe i ka k\u00ebrkuar t\u00eb punoj\u00eb vet\u00eb Aleko p\u00ebr t\u00eb mbajtur f\u00ebmij\u00ebt dhe familjen.<\/p>\n<p>Sipas tij, kjo ka q\u00ebn\u00eb arsyeja q\u00eb konflikti ka agravuar dhe ka p\u00ebrfunduar n\u00eb plagosjen e r\u00ebnd\u00eb t\u00eb 38 vje\u00e7ares e cila vijon t\u00eb jet\u00eb n\u00eb gjendje t\u00eb r\u00ebnd\u00eb sh\u00ebndet\u00ebsore n\u00eb spitalin e Tiran\u00ebs.<\/p>\n<p>Autori Aleko Myrtollari, sipas t\u00eb dh\u00ebnave i \u00ebsht\u00eb shmangur policis\u00eb p\u00ebr 2 dit\u00eb rrjesht prej s\u00eb shtun\u00ebs kur ndodhi ngjarja, nd\u00ebrsa dit\u00ebn e djeshme \u00ebsht\u00eb dor\u00ebzuar n\u00eb polici, pasi ka par\u00eb q\u00eb nuk ka mundur t\u00eb fshihet p\u00ebr nj\u00eb koh\u00eb t\u00eb gjat\u00eb.<\/p>\n<p>L\u00ebvizjet e vetme t\u00eb autorit kan\u00eb qen\u00eb n\u00eb fshatrat e t\u00eb af\u00ebrmve.<\/p>\n","protected":false},"excerpt":{"rendered":"<p>Zbardhet d\u00ebshmia e Aleko Myrtollarit para uniformave blu t\u00eb Kor\u00e7\u00ebs. Gjat\u00eb marrjes n\u00eb pyetje nga policia, autori i krimit, ka deklaruar se konflikti me bashk\u00ebshorten e tij Marjola, ka ndodhur p\u00ebr shkak se kjo e fundit nuk ka dashur t\u00eb punoj\u00eb. Ai i ka k\u00ebrkuar q\u00eb t\u00eb nis\u00eb pun\u00eb, nd\u00ebrsa bashk\u00ebshortja i ka th\u00ebn\u00eb q\u00eb [&hellip;]<\/p>\n","protected":false},"author":5,"featured_media":60145,"comment_status":"closed","ping_status":"closed","sticky":false,"template":"","format":"standard","meta":{"footnotes":""},"categories":[1,6332],"tags":[23882,23883],"class_list":{"0":"post-60259","1":"post","2":"type-post","3":"status-publish","4":"format-standard","5":"has-post-thumbnail","7":"category-aktualitet","8":"category-te-fundit","9":"tag-goditi-gruan-me-thike","10":"tag-zbardhet-deshmia-e-myrtollarit-ne-polici-i-kerkova-gruas-qe-te"},"_links":{"self":[{"href":"https:\/\/jugulajm.net\/index.php?rest_route=\/wp\/v2\/posts\/60259","targetHints":{"allow":["GET"]}}],"collection":[{"href":"https:\/\/jugulajm.net\/index.php?rest_route=\/wp\/v2\/posts"}],"about":[{"href":"https:\/\/jugulajm.net\/index.php?rest_route=\/wp\/v2\/types\/post"}],"author":[{"embeddable":true,"href":"https:\/\/jugulajm.net\/index.php?rest_route=\/wp\/v2\/users\/5"}],"replies":[{"embeddable":true,"href":"https:\/\/jugulajm.net\/index.php?rest_route=%2Fwp%2Fv2%2Fcomments&post=60259"}],"version-history":[{"count":0,"href":"https:\/\/jugulajm.net\/index.php?rest_route=\/wp\/v2\/posts\/60259\/revisions"}],"wp:featuredmedia":[{"embeddable":true,"href":"https:\/\/jugulajm.net\/index.php?rest_route=\/wp\/v2\/media\/60145"}],"wp:attachment":[{"href":"https:\/\/jugulajm.net\/index.php?rest_route=%2Fwp%2Fv2%2Fmedia&parent=60259"}],"wp:term":[{"taxonomy":"category","embeddable":true,"href":"https:\/\/jugulajm.net\/index.php?rest_route=%2Fwp%2Fv2%2Fcategories&post=60259"},{"taxonomy":"post_tag","embeddable":true,"href":"https:\/\/jugulajm.net\/index.php?rest_route=%2Fwp%2Fv2%2Ftags&post=60259"}],"curies":[{"name":"wp","href":"https:\/\/api.w.org\/{rel}","templated":true}]}}