{"id":60243,"date":"2023-06-06T21:56:30","date_gmt":"2023-06-06T19:56:30","guid":{"rendered":"https:\/\/jugulajm.net\/?p=60243"},"modified":"2023-06-06T21:56:30","modified_gmt":"2023-06-06T19:56:30","slug":"video-denoncimi-i-babait-vajzen-e-vrau-dhendri-dhe-e-hodhi-nga-ballkoni-dhe","status":"publish","type":"post","link":"https:\/\/jugulajm.net\/?p=60243","title":{"rendered":"VIDEO\/ Denoncimi i babait: Vajz\u00ebn e vrau dh\u00ebndri dhe e hodhi nga ballkoni dhe&#8230;"},"content":{"rendered":"<p>Emisioni \u201cStop\u201d hedh drit\u00eb mbi nj\u00eb ngjarje makabre n\u00eb Durr\u00ebs, me viktim\u00eb nj\u00eb 24-vje\u00e7are. Anisa Gjini, n\u00ebn\u00eb e nj\u00eb djali 3-vje\u00e7ar pretendohet se u hodh nga ballkoni i katit t\u00eb tret\u00eb, ku jetonte me bashk\u00ebshortin, Alfred Gjini dhe vjehrr\u00ebn, Fahrije Gjini. Por babai i t\u00eb ndjer\u00ebs ka bindjen, se vajza e tij u vra nga burri i dhunsh\u00ebm pas nj\u00eb sherri mes t\u00eb dyve.<\/p>\n<p>\u201c\u00cbsht\u00eb gj\u00ebja m\u00eb e keqe q\u00eb m\u00eb thot\u00eb, \u00ebsht\u00eb hedhur. Q\u00eb ajo po t\u00eb ishte hedhur do ishte b\u00ebr\u00eb fije-fije. Nga kati i tret\u00eb t\u00eb mos ket\u00eb asnj\u00eb shenj\u00eb n\u00eb kok\u00eb p\u00ebrve\u00e7 \u00e7arjes, duarsh k\u00ebtu, shenjat e dhun\u00ebs, nuk kishte sens. \u00cbsht\u00eb vrar\u00eb, bashk\u00eb me t\u00eb \u00ebm\u00ebn\u201d, tha babai.<\/p>\n<div class=\"readmore-text-here\">\n<p>\u201cStop\u201d ka siguruar dy d\u00ebshmit\u00eb, t\u00eb bashk\u00ebshortit dhe t\u00eb vjehrr\u00ebs s\u00eb Anis\u00ebs.<\/p>\n<div id=\"rekl-13\">\n<div id=\"__sap-ad-15\" class=\"__sap-ads __sap-html tracked\" data-title=\"Credins desktop Brenda lajmit 08\">Alfredi tregon se \u00ebsht\u00eb kthyer n\u00eb sht\u00ebpi rreth or\u00ebs 18:00. N\u00eb or\u00ebn 19:00, ata kan\u00eb darkuar dhe m\u00eb pas ai po shikonte ndeshjen Itali-Spanj\u00eb.<\/div>\n<\/div>\n<div id=\"rekl-57\"><\/div>\n<p>Alfred Gjini tregon se n\u00eb momentin kur ka b\u00ebr\u00eb gol Spanja ai \u00ebsht\u00eb ngritur dhe ka par\u00eb Anis\u00ebn n\u00eb dhom\u00ebn e gjumit q\u00eb po \u00e7atonte n\u00eb telefon.<\/p>\n<p>I \u00ebsht\u00eb afruar dhe e ka pyetur se me k\u00eb po flet. Anisa \u00ebsht\u00eb p\u00ebrgjigjur se po flet me tezen. N\u00eb k\u00ebt\u00eb moment ai i merr telefonin me forc\u00eb dhe shkon n\u00eb banjo p\u00ebr t\u00eb par\u00eb se me k\u00eb po fliste Anisa.<\/p>\n<p>Alfredi deklaron se ka kaluar nga dritarja e banjos tek ballkoni dhe n\u00eb ato momente d\u00ebgjon komshinjt\u00eb q\u00eb po b\u00ebrtisnin, \u201cRa\u201d.<\/p>\n<p>Ai zbriti nga shkall\u00ebt me shpejt\u00ebsi dhe pa bashk\u00ebshorten posht\u00eb pa ndjenja. Sipas deklarat\u00ebs ai nuk ka pritur ambulanc\u00ebn, por e ka \u00e7uar Anis\u00ebn me makin\u00ebn e tij drejt spitalit, ku ajo u konstatua pa jet\u00eb.<\/p>\n<p>\u201cMa ka l\u00ebn\u00eb nusja, 10 vje\u00e7 ma ka l\u00ebn\u00eb at\u00eb. E rrita, e \u00e7ova nuse, dhe e mora t\u00eb vdekur nga atje. Nuk mundem. E mora t\u00eb vdekur\u201d, tregon i ati.<\/p>\n<p>Nd\u00ebrkoh\u00eb vjehrra tregon se Alfredi dhe Anisa erdh\u00ebn n\u00eb sht\u00ebpi rreth or\u00ebs 18:00. N\u00eb or\u00ebn 21:00 ata kan\u00eb darkuar s\u00eb bashku dhe nuk ka pasur asnj\u00eb konflikt.<\/p>\n<p>Djali i saj dhe nusja kan\u00eb qen\u00eb duke par\u00eb ndeshjen Itali-Spanj\u00eb dhe vjehrra thot\u00eb se n\u00eb k\u00ebt\u00eb moment ka qen\u00eb n\u00eb banjo dhe ka par\u00eb djalin me telefonin e nuses n\u00eb dor\u00eb dhe Anis\u00ebn duke e ndjekur nga pas q\u00eb t\u2019i jepte telefonin.<\/p>\n<p>Por ai nuk ka pranuar q\u00eb t\u2019ia kthej\u00eb. Vjehrra tregon q\u00eb Anisa u m\u00ebrzit dhe vrapoi drejt ballkonit q\u00eb t\u00eb hidhej.<\/p>\n<p>N\u00eb dy d\u00ebshmit\u00eb, t\u00eb bashk\u00ebshortit dhe t\u00eb vjehrr\u00ebs Fahrije Gjini, ka paqart\u00ebsi dhe mosp\u00ebrputhje t\u00eb ngjarjes.<\/p>\n<p>Alfredi deklaron se Anisa ishte n\u00eb dhom\u00ebn e gjumit kur e ka par\u00eb q\u00eb po \u00e7atonte n\u00eb telefon, nd\u00ebrsa vjehrra deklaron se Anisa ishte duke par\u00eb ndeshjen me Alfredin.<\/p>\n<p>Vjehrra deklaron se Alfredi ishte n\u00eb ballkon me telefonin e Anis\u00ebs, nd\u00ebrsa djali, Alfredi thot\u00eb se u fut n\u00eb banjo dhe doli nga dritarja n\u00eb ballkon dhe d\u00ebgjoi komshinjt\u00eb q\u00eb th\u00ebrrisnin se Anisa ra nga ballkoni.<\/p>\n<p>I ati i Anis\u00ebs thot\u00eb, se u njoftua 4 or\u00eb pas ngjarjes kur vajza e tij ishte \u00e7uar n\u00eb morg.<\/p>\n<p>\u201cAt\u00eb dit\u00eb m\u00eb kan\u00eb marr\u00eb n\u00eb or\u00ebn 1 t\u00eb nat\u00ebs, kur goca kishte qen\u00eb n\u00eb or\u00ebn 22:00 n\u00eb spital. N\u00eb 1 t\u00eb nat\u00ebs m\u00eb kan\u00eb marr\u00eb m\u00eb kan\u00eb th\u00ebn\u00eb q\u00eb na ndodhi kjo \u201cu vra Anisa\u201d. M\u00eb ka marr\u00eb dh\u00ebndri nga dega. Pas kat\u00ebr or\u00ebsh q\u00eb ishte vrar\u00eb goca m\u00eb ka njoftuar q\u00eb ishte ora 1, 1 e 10 q\u00eb ka ik nipi. Pas nipit kemi ikur dhe ne. Nuk arrita ta shoh. E kemi gjetur n\u00eb morg. Luft\u00eb me veten. U detyrova e mora sepse e prura i b\u00ebra varrimin. Nuk e prisja kurr\u00eb. Un\u00eb mezor i rrita ata f\u00ebmij\u00eb. I martova p\u00ebr mrekulli. Ishte pas mbajtur, e b\u00ebri, ma vrau. M\u00eb b\u00ebri namin, hatan\u00eb. \u00c7far\u00eb me th\u00ebn\u00eb. M\u00eb mir\u00eb t\u00eb vdes edhe un\u00eb dhe t\u00eb mbyll hallet sesa k\u00ebt\u00eb\u201d, tha i ati.<\/p>\n<p>\u201cAi e ka q\u00eblluar nj\u00eb her\u00eb goc\u00ebn tek daja i vet me sebep t\u00eb \u00e7unit se gjithmon\u00eb ishte arrogant, mosmir\u00ebnjoh\u00ebs sepse un\u00eb nuk doja q\u00eb t\u00eb prishej ajo kuror\u00eb sepse thosha hatri i f\u00ebmij\u00ebs. M\u00eb pati th\u00ebn\u00eb o ba hajde m\u00eb merr nj\u00ebher\u00eb. \u201cO babush d\u00ebgjo babin kthe rrug\u00eb p\u00ebr hatrin e f\u00ebmij\u00ebs. Kthe rrug\u00eb p\u00ebr hatrin e f\u00ebmij\u00ebs, s\u2019ka gajle t\u00eb sillet ai. O babi nuk durohet kjo plaka. O babi nuk durohet e shamja k\u00ebsaj n\u00ebp\u00ebr lagje\u201d. Nuk mundem m\u00eb dhe i jap pishmanit asaj q\u00eb nuk arrita ta marr\u201d, tregon babai kur pyetet p\u00ebr probleme q\u00eb mund t\u00eb ket\u00eb pasur vajza me bashk\u00ebshortin.<\/p>\n<p>Ai flet p\u00ebr shenja n\u00eb trupin e Anis\u00ebs, t\u00eb cilat shtojn\u00eb dyshimet p\u00ebr vrasje. N\u00eb lidhje me procedur\u00ebn e policis\u00eb s\u00eb Durr\u00ebsit ka shum\u00eb pik\u00ebpyetje.<\/p>\n<p>\u201cAta kan\u00eb pasur koh\u00eb t\u00eb lir\u00eb, si i kan\u00eb b\u00ebr\u00eb hesapet e tyre i din\u00eb vet. Nuk ia fal k\u00ebt\u00eb q\u00eb thot\u00eb se \u00ebsht\u00eb hedhur goca. Nuk ia fal sa t\u00eb jem gjall\u00eb. Se po t\u00eb ishte hedh goca ime do ishte hedhur bashk\u00eb me nipin e vog\u00ebl se nuk kishte burr\u00eb n\u00ebne t\u2019i ndante. K\u00ebto lloj shenjash nuk jan\u00eb t\u00eb hedhura. Nuk ka fare k\u00ebtu. Vet\u00ebm nj\u00eb shenj\u00eb ka t\u00eb goditjes. Do ishin thyer brinj\u00eb\u201d, tha i ati.<\/p>\n<p>N\u00eb procesverbalin e ngjarjes nga OPGJ i Durr\u00ebsit, Shk\u00eblqim Osmani, jan\u00eb vet\u00ebm 4 foto. Ai nuk ka b\u00ebr\u00eb nj\u00eb kontroll t\u00eb detajuar brenda sht\u00ebpis\u00eb p\u00ebr t\u00eb par\u00eb n\u00ebse ka pasur p\u00ebrleshje, shenja gjaku apo prova t\u00eb tjera q\u00eb do i sh\u00ebrbenin hetimit.<\/p>\n<p>\u201cNuk \u00ebsht\u00eb b\u00ebr\u00eb asnj\u00eb kontroll n\u00eb sht\u00ebpi. Me \u00e7far\u00eb e \u00e7oi n\u00eb spital? Me bi\u00e7iklet\u00eb? Si nuk b\u00ebri policia nj\u00eb kontroll atje brenda. I tha nipi me \u00e7far\u00eb e \u00e7oi, vallaj nuk e di tha. Ishte oficer burri i huaj. Si u b\u00eb kjo pun\u00eb? Kaq shpejt. Nuk \u00ebsht\u00eb gjith\u00e7ka leku. Gjaku i f\u00ebmij\u00ebs tim nuk ka p\u00ebr t\u2019u bler\u00eb as p\u00ebr t\u2019u shitur sa t\u00eb jem gjall\u00eb un\u00eb. Sa t\u00eb jem gjall\u00eb un\u00eb! At\u00eb q\u00eb i ka b\u00ebr\u00eb f\u00ebmij\u00ebs tim do ta vuaj\u00eb sa t\u00eb jet\u00eb gjall\u00eb. Ashtu si po qaj un\u00eb p\u00ebr dit\u00eb do i vij\u00eb ora do qaj\u00eb edhe ai. Ashtu si\u00e7 nuk rri dot pa i shkuar nj\u00eb dit\u00eb tek varri, nuk rri dot, m\u00eb ka ikur nj\u00eb f\u00ebmij\u00eb, engj\u00ebll\u2026\u201d, shprehet babai.<\/p>\n<p><iframe loading=\"lazy\" title=\"Stop\/ Denoncimi i babait , dh\u00ebndri vrau vajz\u00ebn dhe e hodhi nga ballkoni - 6 Qershor 2023\" src=\"https:\/\/www.youtube.com\/embed\/1FI-_Arjsdg\" width=\"702\" height=\"315\" frameborder=\"0\" allowfullscreen=\"allowfullscreen\" data-mce-fragment=\"1\"><\/iframe><\/p>\n<\/div>\n","protected":false},"excerpt":{"rendered":"<p>Emisioni \u201cStop\u201d hedh drit\u00eb mbi nj\u00eb ngjarje makabre n\u00eb Durr\u00ebs, me viktim\u00eb nj\u00eb 24-vje\u00e7are. Anisa Gjini, n\u00ebn\u00eb e nj\u00eb djali 3-vje\u00e7ar pretendohet se u hodh nga ballkoni i katit t\u00eb tret\u00eb, ku jetonte me bashk\u00ebshortin, Alfred Gjini dhe vjehrr\u00ebn, Fahrije Gjini. Por babai i t\u00eb ndjer\u00ebs ka bindjen, se vajza e tij u vra nga [&hellip;]<\/p>\n","protected":false},"author":5,"featured_media":60244,"comment_status":"closed","ping_status":"closed","sticky":false,"template":"","format":"standard","meta":{"footnotes":""},"categories":[1,6332],"tags":[23876],"class_list":{"0":"post-60243","1":"post","2":"type-post","3":"status-publish","4":"format-standard","5":"has-post-thumbnail","7":"category-aktualitet","8":"category-te-fundit","9":"tag-video-denoncimi-i-babait-vajzen-e-vrau-dhendri-dhe-e-hodhi-nga-ballkoni-dhe"},"_links":{"self":[{"href":"https:\/\/jugulajm.net\/index.php?rest_route=\/wp\/v2\/posts\/60243","targetHints":{"allow":["GET"]}}],"collection":[{"href":"https:\/\/jugulajm.net\/index.php?rest_route=\/wp\/v2\/posts"}],"about":[{"href":"https:\/\/jugulajm.net\/index.php?rest_route=\/wp\/v2\/types\/post"}],"author":[{"embeddable":true,"href":"https:\/\/jugulajm.net\/index.php?rest_route=\/wp\/v2\/users\/5"}],"replies":[{"embeddable":true,"href":"https:\/\/jugulajm.net\/index.php?rest_route=%2Fwp%2Fv2%2Fcomments&post=60243"}],"version-history":[{"count":0,"href":"https:\/\/jugulajm.net\/index.php?rest_route=\/wp\/v2\/posts\/60243\/revisions"}],"wp:featuredmedia":[{"embeddable":true,"href":"https:\/\/jugulajm.net\/index.php?rest_route=\/wp\/v2\/media\/60244"}],"wp:attachment":[{"href":"https:\/\/jugulajm.net\/index.php?rest_route=%2Fwp%2Fv2%2Fmedia&parent=60243"}],"wp:term":[{"taxonomy":"category","embeddable":true,"href":"https:\/\/jugulajm.net\/index.php?rest_route=%2Fwp%2Fv2%2Fcategories&post=60243"},{"taxonomy":"post_tag","embeddable":true,"href":"https:\/\/jugulajm.net\/index.php?rest_route=%2Fwp%2Fv2%2Ftags&post=60243"}],"curies":[{"name":"wp","href":"https:\/\/api.w.org\/{rel}","templated":true}]}}