{"id":60237,"date":"2023-06-06T20:19:26","date_gmt":"2023-06-06T18:19:26","guid":{"rendered":"https:\/\/jugulajm.net\/?p=60237"},"modified":"2023-06-06T20:37:37","modified_gmt":"2023-06-06T18:37:37","slug":"gazetari-hoxha-nese-xhuxhi-flet-per-ata-do-kemi-rotacion-politik-sepse","status":"publish","type":"post","link":"https:\/\/jugulajm.net\/?p=60237","title":{"rendered":"Arrestimi i Dakos\/ Flet gazetari Hoxha: N\u00ebse \u201cXhuxhi\u201d flet p\u00ebr ATA\u2026 do kemi rotacion politik, sepse&#8230;"},"content":{"rendered":"<p>Gazetari Artan Hoxha, pas lajmit t\u00eb arrestimit t\u00eb ish-kryebashkiakut Vangjush Dako, shkruan se, n\u00ebse Gjushi pendohet dhe \u00a0i tregon \u2018shok\u00ebt\u2019 mund t\u00eb ket\u00eb rotacion politik..<\/p>\n<p><strong>Statusi i gazetarit Hoxha:<\/strong><\/p>\n<p>Dhe e paralajmerova \u201cXhuxhin\u201d, por nuk me degjoi\u2026<\/p>\n<p>Ish-kryeprokurori Adriatik Llalla, ishte zyrtari i pari i larte qe u shpall \u201cnon grata\u201d nga SHBA, ne shkurt 2019.<br \/>\nPor sapo doli denimi me burg per te, u arratis dhe ndodhet ne gjendje te lire ne Itali, ne pritje te ekstradimit qe duket se nuk do te behet kurre\u2026<\/p>\n<p>Pese muaj me vone, ne 30 korrik 2019, Vangjush Dako dhe familja e tij, u shpallen \u201cnon grata\u201d nga Departamenti Amerikan i Shtetit\u2026<br \/>\nMe ne fund, pas 5 vitesh, u vendos qe \u201cXhuxhi\u201d te paraqitet aty ku te pyesin, \u201cemri nenes, emri babes\u201d\u2026<\/p>\n<p>Gjithsesi beni kujdes.<br \/>\n\u201cXhuxhi\u201d di shume gjera per ATA larte.<br \/>\nNuk eshte \u201cpeshk i vogel\u201d, prandaj mbajeni mire\u2026<br \/>\nNese pendohet, do bej ate qe nuk po e bejme dot me zgjedhje, rotacionin politik ne qeverisjen e vendit\u2026<\/p>\n","protected":false},"excerpt":{"rendered":"<p>Gazetari Artan Hoxha, pas lajmit t\u00eb arrestimit t\u00eb ish-kryebashkiakut Vangjush Dako, shkruan se, n\u00ebse Gjushi pendohet dhe \u00a0i tregon \u2018shok\u00ebt\u2019 mund t\u00eb ket\u00eb rotacion politik.. Statusi i gazetarit Hoxha: Dhe e paralajmerova \u201cXhuxhin\u201d, por nuk me degjoi\u2026 Ish-kryeprokurori Adriatik Llalla, ishte zyrtari i pari i larte qe u shpall \u201cnon grata\u201d nga SHBA, ne shkurt [&hellip;]<\/p>\n","protected":false},"author":5,"featured_media":52376,"comment_status":"closed","ping_status":"closed","sticky":false,"template":"","format":"standard","meta":{"footnotes":""},"categories":[1,6332],"tags":[23872,21049],"class_list":{"0":"post-60237","1":"post","2":"type-post","3":"status-publish","4":"format-standard","5":"has-post-thumbnail","7":"category-aktualitet","8":"category-te-fundit","9":"tag-arrestimi-i-dakos-flet-gazetari-hoxha-nese-xhuxhi-flet-per-ata-do-kemi-rotacion-politik","10":"tag-sepse"},"_links":{"self":[{"href":"https:\/\/jugulajm.net\/index.php?rest_route=\/wp\/v2\/posts\/60237","targetHints":{"allow":["GET"]}}],"collection":[{"href":"https:\/\/jugulajm.net\/index.php?rest_route=\/wp\/v2\/posts"}],"about":[{"href":"https:\/\/jugulajm.net\/index.php?rest_route=\/wp\/v2\/types\/post"}],"author":[{"embeddable":true,"href":"https:\/\/jugulajm.net\/index.php?rest_route=\/wp\/v2\/users\/5"}],"replies":[{"embeddable":true,"href":"https:\/\/jugulajm.net\/index.php?rest_route=%2Fwp%2Fv2%2Fcomments&post=60237"}],"version-history":[{"count":0,"href":"https:\/\/jugulajm.net\/index.php?rest_route=\/wp\/v2\/posts\/60237\/revisions"}],"wp:featuredmedia":[{"embeddable":true,"href":"https:\/\/jugulajm.net\/index.php?rest_route=\/wp\/v2\/media\/52376"}],"wp:attachment":[{"href":"https:\/\/jugulajm.net\/index.php?rest_route=%2Fwp%2Fv2%2Fmedia&parent=60237"}],"wp:term":[{"taxonomy":"category","embeddable":true,"href":"https:\/\/jugulajm.net\/index.php?rest_route=%2Fwp%2Fv2%2Fcategories&post=60237"},{"taxonomy":"post_tag","embeddable":true,"href":"https:\/\/jugulajm.net\/index.php?rest_route=%2Fwp%2Fv2%2Ftags&post=60237"}],"curies":[{"name":"wp","href":"https:\/\/api.w.org\/{rel}","templated":true}]}}