{"id":60197,"date":"2023-06-06T11:13:48","date_gmt":"2023-06-06T09:13:48","guid":{"rendered":"https:\/\/jugulajm.net\/?p=60197"},"modified":"2023-06-06T11:13:48","modified_gmt":"2023-06-06T09:13:48","slug":"emri-shefja-e-epidemiologjise-shkon-ne-spak-dyshohet-per-aferat-gjate-pandemise-se-covid-it","status":"publish","type":"post","link":"https:\/\/jugulajm.net\/?p=60197","title":{"rendered":"EMRI\/ Shefja e Epidemiologjis\u00eb shkon n\u00eb SPAK, dyshohet p\u00ebr aferat gjat\u00eb pandemis\u00eb s\u00eb covid-it"},"content":{"rendered":"<p>Silva Bino, shefja e Departamentit t\u00eb Epidemiologjis\u00eb pran\u00eb ISHP-s\u00eb, ka shkuar sot n\u00eb SPAK.<\/p>\n<p>Bino do t\u00eb merret sot n\u00eb pyetje nga prokuror\u00ebt e Antikorrupsionit, n\u00eb cil\u00ebsin\u00eb e drejtoresh\u00ebs s\u00eb ISHP-s\u00eb n\u00eb periudh\u00ebn e pandemis\u00eb.<\/p>\n<p>Deri m\u00eb tani nuk dihen detajet se p\u00ebr \u00e7far\u00eb do t\u00eb merret n\u00eb pyetje specialistja.<\/p>\n<p>E vetme, ajo ka hyr\u00eb n\u00eb oborrin e SPAK dhe ka k\u00ebrkuar nga roja orientim p\u00ebr t\u00eb hyr\u00eb n\u00eb godin\u00eb, nd\u00ebrsa ende nuk dihet se p\u00ebrse ka shkuar p\u00ebr t\u00eb d\u00ebshmuar.<\/p>\n<p>Vet\u00ebm pak dit\u00eb m\u00eb par\u00eb ishte SPAK n\u00eb Ministrin\u00eb e Sh\u00ebndet\u00ebsis\u00eb, ku u arrestua Sekretarja e P\u00ebrgjithshme, Joana Duro dhe zyrtarja tjet\u00ebr, Laureta Sheta.<\/p>\n<p>T\u00eb dyja akuzohen p\u00ebr korrupsion dhe shp\u00ebrdorim detyre, Duro nuk e ka pranuar akuz\u00ebn, dhe ka deklaruar se ka kryer vet\u00ebm detyr\u00ebn.<\/p>\n","protected":false},"excerpt":{"rendered":"<p>Silva Bino, shefja e Departamentit t\u00eb Epidemiologjis\u00eb pran\u00eb ISHP-s\u00eb, ka shkuar sot n\u00eb SPAK. Bino do t\u00eb merret sot n\u00eb pyetje nga prokuror\u00ebt e Antikorrupsionit, n\u00eb cil\u00ebsin\u00eb e drejtoresh\u00ebs s\u00eb ISHP-s\u00eb n\u00eb periudh\u00ebn e pandemis\u00eb. Deri m\u00eb tani nuk dihen detajet se p\u00ebr \u00e7far\u00eb do t\u00eb merret n\u00eb pyetje specialistja. E vetme, ajo ka hyr\u00eb [&hellip;]<\/p>\n","protected":false},"author":5,"featured_media":60198,"comment_status":"closed","ping_status":"closed","sticky":false,"template":"","format":"standard","meta":{"footnotes":""},"categories":[1,6332],"tags":[23855,23854],"class_list":{"0":"post-60197","1":"post","2":"type-post","3":"status-publish","4":"format-standard","5":"has-post-thumbnail","7":"category-aktualitet","8":"category-te-fundit","9":"tag-dyshohet-per-aferat-gjate-pandemise-se-covid-it","10":"tag-emri-shefja-e-epidemiologjise-shkon-ne-spak"},"_links":{"self":[{"href":"https:\/\/jugulajm.net\/index.php?rest_route=\/wp\/v2\/posts\/60197","targetHints":{"allow":["GET"]}}],"collection":[{"href":"https:\/\/jugulajm.net\/index.php?rest_route=\/wp\/v2\/posts"}],"about":[{"href":"https:\/\/jugulajm.net\/index.php?rest_route=\/wp\/v2\/types\/post"}],"author":[{"embeddable":true,"href":"https:\/\/jugulajm.net\/index.php?rest_route=\/wp\/v2\/users\/5"}],"replies":[{"embeddable":true,"href":"https:\/\/jugulajm.net\/index.php?rest_route=%2Fwp%2Fv2%2Fcomments&post=60197"}],"version-history":[{"count":0,"href":"https:\/\/jugulajm.net\/index.php?rest_route=\/wp\/v2\/posts\/60197\/revisions"}],"wp:featuredmedia":[{"embeddable":true,"href":"https:\/\/jugulajm.net\/index.php?rest_route=\/wp\/v2\/media\/60198"}],"wp:attachment":[{"href":"https:\/\/jugulajm.net\/index.php?rest_route=%2Fwp%2Fv2%2Fmedia&parent=60197"}],"wp:term":[{"taxonomy":"category","embeddable":true,"href":"https:\/\/jugulajm.net\/index.php?rest_route=%2Fwp%2Fv2%2Fcategories&post=60197"},{"taxonomy":"post_tag","embeddable":true,"href":"https:\/\/jugulajm.net\/index.php?rest_route=%2Fwp%2Fv2%2Ftags&post=60197"}],"curies":[{"name":"wp","href":"https:\/\/api.w.org\/{rel}","templated":true}]}}