{"id":60183,"date":"2023-06-05T21:36:04","date_gmt":"2023-06-05T19:36:04","guid":{"rendered":"https:\/\/jugulajm.net\/?p=60183"},"modified":"2023-06-05T21:36:18","modified_gmt":"2023-06-05T19:36:18","slug":"flet-avokati-i-agjentes-se-postes-nuk-ka-vjedhur-por-do-ti-ktheje-parate","status":"publish","type":"post","link":"https:\/\/jugulajm.net\/?p=60183","title":{"rendered":"Flet avokati i agjentes s\u00eb post\u00ebs: Nuk ka vjedhur, por do t\u2019i kthej\u00eb parat\u00eb"},"content":{"rendered":"<div class=\"container container-mb-header\">Avokati i Alma Beqirit, e arrestuar n\u00ebn akuz\u00ebn e p\u00ebrvet\u00ebsimit t\u00eb 3 mln euro gjat\u00eb nj\u00eb periudh\u00eb 2 vje\u00e7are teksa punonte si agjente e post\u00ebs private ADEX, ka hedhur posht\u00eb k\u00ebto pretendime.<\/div>\n<div class=\"container\">\n<article id=\"post-635537\" class=\"post-635537 post type-post status-publish format-standard has-post-thumbnail hentry category-aktualitet category-lajme\">\n<div class=\"row no-gutters\">\n<div class=\"single-post-entry\">\n<p>N\u00eb nj\u00eb deklarat\u00eb p\u00ebr mediat, pasi Gjykata e Kor\u00e7\u00ebs dha mas\u00ebn e siguris\u00eb \u201carrest me burg\u201d ndaj saj, avokati deklaroi se \u201cnuk ka p\u00ebrvet\u00ebsim e as vjedhje, por mosrakordim detyrimesh\u201d.<\/p>\n<p>Ai u shpreh se klientja e tij, gjat\u00eb seanc\u00ebs gjyq\u00ebsore, deklaroi se \u201cs\u2019ka asnj\u00eblloj d\u00ebshir\u00eb p\u00ebr t\u00eb mos i kthyer apo t\u00eb t\u2019i mbajtur parat\u00eb, dhe q\u00eb s\u2019ka b\u00ebr\u00eb asnj\u00eb lloj p\u00ebrvet\u00ebsimi\u201d.<\/p>\n<p>P\u00ebrfaq\u00ebsuesi ligjor i Alma Beqiri dekaroi se posta private ADEX nuk ka b\u00ebr\u00eb k\u00ebrkes\u00eb p\u00ebr t\u00eb shlyqer nj\u00eb shum\u00eb t\u00eb caktuar parash, nd\u00ebrsa deklaroi se shuma prej 3 mln eurosh q\u00eb dyshohet se p\u00ebrvet\u00ebsoi 46-vje\u00e7arja \u00ebsht\u00eb fiktive.<\/p>\n<p>Avokati: \u201c\u00cbsht\u00eb mosmarr\u00ebveshje e past\u00ebr civile, nuk ka asnj\u00eb element t\u00eb vepr\u00ebs penale p\u00ebr t\u00eb cil\u00ebn dyshohet e ndaluara. Mendojm\u00eb se gjith\u00eb shifrat e pretenduara jan\u00eb fiktive dhe t\u00eb mbushura me parregullsi t\u00eb karakterit fiskal e tregtar, me t\u00eb cilat nuk ka asnj\u00eb lidhje e mbrojtura nga ana jon\u00eb.<\/p>\n<p>Nuk ka as p\u00ebrvet\u00ebsim, as fshehje dhe as vjedhje, ka mosrakordim detyrimesh p\u00ebr nj\u00eb pjes\u00eb t\u00eb detyrimeve. As vet\u00eb ai q\u00eb i k\u00ebrkon nuk i di sepse do t\u00eb duhet t\u00eb b\u00ebhet auditim.<\/p>\n<p>Kush e ka denoncuar?<\/p>\n<p>Avokati: Kompania ADEX. Ne k\u00ebrkojm\u00eb caktimin e nj\u00eb mase alternative nga ajo e arrestit me burg, nuk u pranua. \u00cbsht\u00eb vendim q\u00eb nuk mb\u00ebshtetet as n\u00eb prova e as n\u00eb fakt dhe ne do e \u00e7ojm\u00eb n\u00eb Apel.<\/p>\n<p>\u00c7far\u00eb deklaroi n\u00eb Gjykat\u00eb?<\/p>\n<p>Avokati: Tha q\u00eb s\u2019ka asnj\u00eblloj d\u00ebshir\u00eb p\u00ebr t\u00eb mos i kthyer apo t\u00eb t\u2019i mbajtur parat\u00eb, dhe q\u00eb s\u2019ka b\u00ebr\u00eb asnj\u00eb lloj p\u00ebrvet\u00ebsimi. Thjesht kur t\u00eb ket\u00eb nj\u00eb rakordim sipas ligjit p\u00ebr pasqyrat financiare, nga nj\u00eb ekspert i pavarur q\u00eb do p\u00ebrcaktoj\u00eb edhe detyrimit, at\u00ebher\u00eb do t\u00eb p\u00ebrmbush\u00eb detyrimet aq sa jan\u00eb. Jo \u00e7do marr\u00ebdh\u00ebnie konsiderohet detyrim p\u00ebr sa koh\u00eb pala tjet\u00ebr nuk k\u00ebrkon detyrim.<\/p>\n<p>Edhe sot q\u00eb flasim nuk kemi nj\u00eb k\u00ebrkes\u00eb nga kompania p\u00ebr t\u00eb shlyer nj\u00eb x shum\u00eb.<\/p>\n<p>Thuhet q\u00eb ka bashk\u00ebpun\u00ebtor?<\/p>\n<p>Avokati: N\u00ebse \u00ebsht\u00eb bashk\u00ebpun\u00ebtor kall\u00ebzuesi sepse askush tjet\u00ebr nuk mund t\u00eb jet\u00eb.<\/p>\n<\/div>\n<\/div>\n<\/article>\n<\/div>\n","protected":false},"excerpt":{"rendered":"<p>Avokati i Alma Beqirit, e arrestuar n\u00ebn akuz\u00ebn e p\u00ebrvet\u00ebsimit t\u00eb 3 mln euro gjat\u00eb nj\u00eb periudh\u00eb 2 vje\u00e7are teksa punonte si agjente e post\u00ebs private ADEX, ka hedhur posht\u00eb k\u00ebto pretendime. N\u00eb nj\u00eb deklarat\u00eb p\u00ebr mediat, pasi Gjykata e Kor\u00e7\u00ebs dha mas\u00ebn e siguris\u00eb \u201carrest me burg\u201d ndaj saj, avokati deklaroi se \u201cnuk ka [&hellip;]<\/p>\n","protected":false},"author":5,"featured_media":60184,"comment_status":"closed","ping_status":"closed","sticky":false,"template":"","format":"standard","meta":{"footnotes":""},"categories":[1,6332],"tags":[23848,23849],"class_list":{"0":"post-60183","1":"post","2":"type-post","3":"status-publish","4":"format-standard","5":"has-post-thumbnail","7":"category-aktualitet","8":"category-te-fundit","9":"tag-flet-avokati-i-agjentes-se-postes-nuk-ka-vjedhur","10":"tag-por-do-ti-ktheje-parate"},"_links":{"self":[{"href":"https:\/\/jugulajm.net\/index.php?rest_route=\/wp\/v2\/posts\/60183","targetHints":{"allow":["GET"]}}],"collection":[{"href":"https:\/\/jugulajm.net\/index.php?rest_route=\/wp\/v2\/posts"}],"about":[{"href":"https:\/\/jugulajm.net\/index.php?rest_route=\/wp\/v2\/types\/post"}],"author":[{"embeddable":true,"href":"https:\/\/jugulajm.net\/index.php?rest_route=\/wp\/v2\/users\/5"}],"replies":[{"embeddable":true,"href":"https:\/\/jugulajm.net\/index.php?rest_route=%2Fwp%2Fv2%2Fcomments&post=60183"}],"version-history":[{"count":0,"href":"https:\/\/jugulajm.net\/index.php?rest_route=\/wp\/v2\/posts\/60183\/revisions"}],"wp:featuredmedia":[{"embeddable":true,"href":"https:\/\/jugulajm.net\/index.php?rest_route=\/wp\/v2\/media\/60184"}],"wp:attachment":[{"href":"https:\/\/jugulajm.net\/index.php?rest_route=%2Fwp%2Fv2%2Fmedia&parent=60183"}],"wp:term":[{"taxonomy":"category","embeddable":true,"href":"https:\/\/jugulajm.net\/index.php?rest_route=%2Fwp%2Fv2%2Fcategories&post=60183"},{"taxonomy":"post_tag","embeddable":true,"href":"https:\/\/jugulajm.net\/index.php?rest_route=%2Fwp%2Fv2%2Ftags&post=60183"}],"curies":[{"name":"wp","href":"https:\/\/api.w.org\/{rel}","templated":true}]}}