{"id":60119,"date":"2023-06-04T17:15:39","date_gmt":"2023-06-04T15:15:39","guid":{"rendered":"https:\/\/jugulajm.net\/?p=60119"},"modified":"2023-06-04T17:15:39","modified_gmt":"2023-06-04T15:15:39","slug":"video-gjyqtares-se-apelit-ne-gjirokaster-irena-brahimi-neser-i-behet-gjyqi-ne-kpa-liroi-nga-burgu-shkaktarin-e-aksidentit-me-3-viktima-ne-mashkullore-7-vite-me-pare","status":"publish","type":"post","link":"https:\/\/jugulajm.net\/?p=60119","title":{"rendered":"VIDEO\/Gjyqtares s\u00eb Apelit n\u00eb Gjirokast\u00ebr Irena Brahimi, nes\u00ebr i b\u00ebhet &#8220;gjyqi&#8221; n\u00eb KPA, liroi nga burgu shkaktarin e aksidentit me 3 viktima n\u00eb Mashkullor\u00eb 7 vite m\u00eb par\u00eb"},"content":{"rendered":"<p>Kolegji i Posa\u00e7\u00ebm i Apelimit, shkalla e dyt\u00eb dhe e fundit e Vetingut, do t\u00eb vijoj\u00eb nes\u00ebr shqyrtimin gjyq\u00ebsor t\u00eb pretendimeve t\u00eb Komisionerit Publik kund\u00ebr gjyqtares s\u00eb Apelit te\u00a0 Gjirokastr\u00ebs, Irena Brahimi, p\u00ebr problematika n\u00eb kriterin e pasuris\u00eb dhe profesionalizmin. Vendimi i KPA, n\u00eb rastin e gjyqtares Brahimi, merr nj\u00eb v\u00ebmendje t\u00eb ve\u00e7ant\u00eb, pasi Kolegji do t\u00eb duhet t\u00eb mbaj\u00eb q\u00ebndrim edhe p\u00ebr nj\u00eb vendim tejet t\u00eb dyshimt\u00eb dhe t\u00eb diskutuesh\u00ebm t\u00eb gjyqtares, p\u00ebr nj\u00eb aksident t\u00eb vitit 2016 me tre viktima, ku fajtori i k\u00ebtij aksidenti t\u00eb tmerrsh\u00ebm, si\u00e7 edhe duket n\u00eb k\u00ebt\u00eb video, \u00ebsht\u00eb shpallur i pafajsh\u00ebm.<\/p>\n<div class=\"ads_desktop\"><ins id=\"revive-0-2\" data-revive-zoneid=\"54\" data-revive-id=\"eb7e5be5383550d1c26fa0ba6b393750\" data-revive-seq=\"2\" data-revive-loaded=\"1\"><\/p>\n<div id=\"beacon_12f3a96735\"><img loading=\"lazy\" loading=\"lazy\" decoding=\"async\" src=\"https:\/\/video.shqiptarja.com\/reviveads_new\/www\/delivery\/lg.php?bannerid=0&amp;campaignid=0&amp;zoneid=54&amp;loc=https%3A%2F%2Fshqiptarja.com%2Flajm%2Fvideoja-e-aksidentit-me-3-viktima-irena-brahimi-shpalli-te-pafajshem-shkaktarin-me-furgon-gri-kpa-vendos-per-fatin-e-saj-gjyqtarja-nuk-duket-qarte%3Fr%3Dkh1&amp;referer=https%3A%2F%2Fshqiptarja.com%2Fhome&amp;cb=12f3a96735\" alt=\"\" width=\"0\" height=\"0\" \/><\/div>\n<p><\/ins><\/div>\n<p>N\u00eb 21 korrik t\u00eb vitit 2020, Komisioni i Vetingut, shkalla e par\u00eb, konfirmoi n\u00eb detyr\u00eb gjyqtaren Irena Brahimin, nd\u00ebrsa nj\u00eb \u00e7\u00ebshtje t\u00eb saj t\u00eb vitit 2015, e referoi p\u00ebr inspektim n\u00eb Inspektoratin e Lart\u00eb t\u00eb Drejt\u00ebsis\u00eb, p\u00ebr t\u00eb konstatuar ose jo shkaqe q\u00eb mund t\u00eb p\u00ebrb\u00ebjn\u00eb shkelje disiplinore. N\u00eb 23 tetor 2020, Komisioneri Publik Florian Ballhysa i k\u00ebrkoi Kolegji t\u00eb Apelimit rihetim p\u00ebr gjyqtaren Irena Brahimi, me pretendimin se gjyqtarja nuk justifikonte plot\u00ebsisht pasurit\u00eb e deklaruara me burime t\u00eb ligjshme t\u00eb ardhurash si dhe mbulimin e shkollimit t\u00eb f\u00ebmij\u00ebve n\u00eb Angli.<\/p>\n<p>KPA-ja ri\u00e7eli hetimin p\u00ebr kriterin e pasuris\u00eb p\u00ebr gjyqtaren Brahimi. Por, KPA administroi edhe nj\u00eb denoncim publik p\u00ebr vendimmarrjen e gjyqtares p\u00ebr aksidentin e vitit 2016 me tre viktima.<\/p>\n<p>Mesdit\u00ebn e s\u00eb diel\u00ebs s\u00eb 24 korrikut 2016, n\u00eb rrug\u00ebn Gjirokast\u00ebr-Tepelen\u00eb, pran\u00eb fshatit Mashkullor\u00eb, dy mjete jan\u00eb p\u00ebrplasur ball\u00eb p\u00ebr ball\u00eb, nj\u00eb furgon \u201cMercedes\u201d, ngjyr\u00eb gri, n\u00eb t\u00eb cilin udh\u00ebtonin 8 persona dhe nj\u00eb \u201cNissan\u201d me targa t\u00eb Zvicr\u00ebs, ku udh\u00ebtonin tre persona. Albana Hasani nga Kosova, oficere policie, f\u00ebmija e saj 9 muajsh dhe nj\u00eb e mitur 18 muajshe vdiq\u00ebn n\u00eb vend. Tet\u00eb persona t\u00eb tjer\u00eb u plagos\u00ebn r\u00ebnd\u00eb.<\/p>\n<p>Aksidenti ndodhi n\u00eb or\u00ebn 13:43. Si\u00e7 duket nga kjo video, H. D., drejtuesi i mjetit furgon \u201cMercedes\u201d, ngjyr\u00eb gri, \u00ebsht\u00eb shkaktar i aksidentit. Mjeti furgon humbet kontrollin dhe del nga rruga para p\u00ebrplasje. Pasi furgoni del nga rruga, shoferi manovron duke e kthyer mjetin n\u00eb karrexhed\u00eb. Por nga shpejt\u00ebsia del n\u00eb korsin\u00eb tjet\u00ebr, ku p\u00ebrball\u00eb po vinte mjeti \u201cNissan\u201d me targa t\u00eb Zvicr\u00ebs.<\/p>\n<p>N\u00eb or\u00ebn 18:00 t\u00eb asaj dite, policia e Gjirokastr\u00ebs ka arrestuar n\u00eb flagranc\u00eb H. D., si i dyshuar p\u00ebr kryerjen e vepr\u00ebs penale, shkelje t\u00eb rregullave t\u00eb qarkullimit rrugor. N\u00eb vijim, me t\u00eb nj\u00ebjt\u00ebn akuz\u00eb, Prokuroria e Gjirokastr\u00ebs ka referuar dosjen e H. D., n\u00eb gjykat\u00eb. Gjykata e Gjirokastr\u00ebs d\u00ebnoi me 6 vite burg shtetasin H. D., duke vler\u00ebsuar faktet dhe pretendimet e Prokuroris\u00eb.<\/p>\n<p>Gjyqtarja e Apelit Irena Brahimin vendosi rr\u00ebzimin e vendimit t\u00eb shkall\u00ebs s\u00eb par\u00eb, duke e shpallur H. D., t\u00eb pafajsh\u00ebm. Kur ky vendim u diskutua n\u00eb KPA, Irena Brahimi tha n\u00eb seanc\u00eb se videoja e p\u00ebrplasjes s\u00eb dy makinave ishte e paqart\u00eb p\u00ebr shkaktarin determinant t\u00eb aksidentit. Ajo tha se faj\u00ebsia e H.D nuk provohej tej \u00e7do dyshimi t\u00eb arsyesh\u00ebm dhe se video nuk tregonte momentin e p\u00ebrplasjes, pasi e pengonte nj\u00eb nd\u00ebrtes\u00eb.<\/p>\n","protected":false},"excerpt":{"rendered":"<p>Kolegji i Posa\u00e7\u00ebm i Apelimit, shkalla e dyt\u00eb dhe e fundit e Vetingut, do t\u00eb vijoj\u00eb nes\u00ebr shqyrtimin gjyq\u00ebsor t\u00eb pretendimeve t\u00eb Komisionerit Publik kund\u00ebr gjyqtares s\u00eb Apelit te\u00a0 Gjirokastr\u00ebs, Irena Brahimi, p\u00ebr problematika n\u00eb kriterin e pasuris\u00eb dhe profesionalizmin. Vendimi i KPA, n\u00eb rastin e gjyqtares Brahimi, merr nj\u00eb v\u00ebmendje t\u00eb ve\u00e7ant\u00eb, pasi Kolegji [&hellip;]<\/p>\n","protected":false},"author":5,"featured_media":60120,"comment_status":"closed","ping_status":"closed","sticky":false,"template":"","format":"video","meta":{"footnotes":""},"categories":[1,6332],"tags":[23822,23821],"class_list":{"0":"post-60119","1":"post","2":"type-post","3":"status-publish","4":"format-video","5":"has-post-thumbnail","7":"category-aktualitet","8":"category-te-fundit","9":"tag-apeli-gjirokaster","10":"tag-irena-brahimi","11":"post_format-post-format-video"},"_links":{"self":[{"href":"https:\/\/jugulajm.net\/index.php?rest_route=\/wp\/v2\/posts\/60119","targetHints":{"allow":["GET"]}}],"collection":[{"href":"https:\/\/jugulajm.net\/index.php?rest_route=\/wp\/v2\/posts"}],"about":[{"href":"https:\/\/jugulajm.net\/index.php?rest_route=\/wp\/v2\/types\/post"}],"author":[{"embeddable":true,"href":"https:\/\/jugulajm.net\/index.php?rest_route=\/wp\/v2\/users\/5"}],"replies":[{"embeddable":true,"href":"https:\/\/jugulajm.net\/index.php?rest_route=%2Fwp%2Fv2%2Fcomments&post=60119"}],"version-history":[{"count":0,"href":"https:\/\/jugulajm.net\/index.php?rest_route=\/wp\/v2\/posts\/60119\/revisions"}],"wp:featuredmedia":[{"embeddable":true,"href":"https:\/\/jugulajm.net\/index.php?rest_route=\/wp\/v2\/media\/60120"}],"wp:attachment":[{"href":"https:\/\/jugulajm.net\/index.php?rest_route=%2Fwp%2Fv2%2Fmedia&parent=60119"}],"wp:term":[{"taxonomy":"category","embeddable":true,"href":"https:\/\/jugulajm.net\/index.php?rest_route=%2Fwp%2Fv2%2Fcategories&post=60119"},{"taxonomy":"post_tag","embeddable":true,"href":"https:\/\/jugulajm.net\/index.php?rest_route=%2Fwp%2Fv2%2Ftags&post=60119"}],"curies":[{"name":"wp","href":"https:\/\/api.w.org\/{rel}","templated":true}]}}