{"id":59990,"date":"2023-06-02T14:39:28","date_gmt":"2023-06-02T12:39:28","guid":{"rendered":"https:\/\/jugulajm.net\/?p=59990"},"modified":"2023-06-02T14:39:28","modified_gmt":"2023-06-02T12:39:28","slug":"emri-ja-kush-ishte-bashkevuajtesi-i-tahirit-ne-qeli-emer-shume-i-njohur","status":"publish","type":"post","link":"https:\/\/jugulajm.net\/?p=59990","title":{"rendered":"EMRI\/ Ja kush ishte bashk\u00ebvuajt\u00ebsi i Tahirit n\u00eb qeli, em\u00ebr shum\u00eb i njohur"},"content":{"rendered":"<p>Pasi Gjykata e Elbasanit vendosi q\u00eb liroj\u00eb nga burgu ish-ministrin e Brendsh\u00ebm Saimir Tahiri, ky i fundit ka qen\u00eb qelin\u00eb dhe do t\u00eb d\u00ebrgohet n\u00eb banes\u00ebn e tij n\u00eb zon\u00ebn e Kodr\u00ebs s\u00eb Diellit n\u00eb Tiran\u00eb.<\/p>\n<p>Gazetarja Klodiana Lala tha p\u00ebr News24 se Tahiri po shoq\u00ebrohet nga nj\u00eb makin\u00eb policie drejt Tiran\u00ebs, nd\u00ebrsa ai do t\u00eb duhet t\u00eb kryer d\u00ebnimin e mbetur prej 1 vit e 8 muaj e 15 dit\u00eb burg n\u00eb banes\u00eb.<\/p>\n<p>\u201c<em>Pjes\u00ebn e mbetur prej 1 vit e 8 muaj e 15 dit\u00eb do e kryej\u00eb n\u00eb sht\u00ebpi. Zoti Tahiri do ta vuaj k\u00ebt\u00eb d\u00ebnim n\u00eb sht\u00ebpi. Mund t\u00eb ket\u00eb dhe momente q\u00eb do t\u00eb dal\u00eb nga banesa. Gjysm\u00ebliria mund t\u00eb aplikohet p\u00ebr persona t\u00eb caktuar. Do t\u00eb duhet t\u00eb jet\u00eb n\u00eb ambientet e banes\u00ebs kur policia do t\u00eb jet\u00eb n\u00eb banes\u00eb. Gjysm\u00ebliri nuk aplikohet p\u00ebr t\u00eb gjith\u00eb, por p\u00ebr persona t\u00eb ve\u00e7ant\u00eb. A nuk paraqet rrezikshm\u00ebri p\u00ebr t\u2019u largur. Ai q\u00ebndroi dhe mund t\u00eb ishte n\u00eb arrati, por vendosi q\u00eb t\u2019i p\u00ebrgjigjej procesit. Ai u d\u00ebnua me 5 vite burgim p\u00ebr shp\u00ebrdori detyre, iu reduktuar me 3 vite e 4 muaj. F\u00ebmij\u00ebt jan\u00eb t\u00eb dy t\u00eb mitur n\u00eb kuptimin ligjor. Gjykata nuk \u00ebsht\u00eb mjaftuar vet\u00ebm me nj\u00eb ekspertiz\u00eb mjeko-ligjore. Por ka caktuar nj\u00eb grup ekspert\u00ebsh. Ata kan\u00eb dal\u00eb n\u00eb konkluzion q\u00eb; bashk\u00ebshortja e Tahirit \u00ebsht\u00eb e paaft\u00eb p\u00ebr t\u2019u kujdesur p\u00ebr f\u00ebmij\u00ebt. Kur nj\u00ebri nga prind\u00ebrit \u00ebsht\u00eb i pamundur p\u00ebr t\u2019u kujdesur, automatikisht kujdeset prindi tjet\u00ebr, q\u00eb n\u00eb k\u00ebt\u00eb rast \u00ebsht\u00eb Tahiri.\u201d,<\/em>\u00a0tha Lala.<\/p>\n<p>Mes t\u00eb tjerash duke iu referuar nj\u00eb bisede mes Tahirit dhe nj\u00eb personi t\u00eb rreziksh\u00ebm n\u00eb burg, t\u00eb treguar nga avokati i tij, Maks Haxhia, gazetarja tha se b\u00ebhet fjal\u00eb p\u00ebr Safer Bajrin, person i lakuar n\u00eb trafik droge, me t\u00eb cilin thuhet se ish-ministri ka ndar\u00eb qelin\u00eb.<\/p>\n<div class=\"insertion-box\">\n<div class=\"\">\n<div id=\"t6479e0602f434\" data-p=\"100\"><\/div>\n<\/div>\n<\/div>\n<p>\u201c<em>Saf\u00ebr Bajri, person me rrezikshm\u00ebri, q\u00eb ishte n\u00eb nj\u00eb qeli me Tahirin tha; Mua po m\u00eb vjen keq q\u00eb po iki n\u00eb sht\u00ebpi dhe ish-ministri i Brendsh\u00ebm q\u00ebndron n\u00eb burg. Duhet t\u00eb kem nj\u00eb indice q\u00eb \u00ebsht\u00eb vendim politik. Bos\u00ebt e krimit, apo politik\u00eb dhe ish-zyrtar\u00eb se kryejn\u00eb deri n\u00eb fund d\u00ebnimin e tyre. Dikur nj\u00eb bos krimi, ka qen\u00eb zoti Haxhia avokat i \u00e7\u00ebshtjes, u lirua se kishte probleme me gjurin. Dhe u lirua nga burgu se dhimbja e gjurit ia pamund\u00ebsonte q\u00ebndrimin n\u00eb burg. Mund t\u00eb ket\u00eb di\u00e7ka mbrapa, por a ka nj\u00eb pakt? Nuk mund ta them. Duhet t\u00eb kem fakte.\u201d,\u00a0<\/em>pohoi gazetarja.<\/p>\n","protected":false},"excerpt":{"rendered":"<p>Pasi Gjykata e Elbasanit vendosi q\u00eb liroj\u00eb nga burgu ish-ministrin e Brendsh\u00ebm Saimir Tahiri, ky i fundit ka qen\u00eb qelin\u00eb dhe do t\u00eb d\u00ebrgohet n\u00eb banes\u00ebn e tij n\u00eb zon\u00ebn e Kodr\u00ebs s\u00eb Diellit n\u00eb Tiran\u00eb. Gazetarja Klodiana Lala tha p\u00ebr News24 se Tahiri po shoq\u00ebrohet nga nj\u00eb makin\u00eb policie drejt Tiran\u00ebs, nd\u00ebrsa ai do [&hellip;]<\/p>\n","protected":false},"author":5,"featured_media":59991,"comment_status":"closed","ping_status":"closed","sticky":false,"template":"","format":"standard","meta":{"footnotes":""},"categories":[1,6332],"tags":[23757,23756],"class_list":{"0":"post-59990","1":"post","2":"type-post","3":"status-publish","4":"format-standard","5":"has-post-thumbnail","7":"category-aktualitet","8":"category-te-fundit","9":"tag-emer-shume-i-njohur","10":"tag-emri-ja-kush-ishte-bashkevuajtesi-i-tahirit-ne-qeli"},"_links":{"self":[{"href":"https:\/\/jugulajm.net\/index.php?rest_route=\/wp\/v2\/posts\/59990","targetHints":{"allow":["GET"]}}],"collection":[{"href":"https:\/\/jugulajm.net\/index.php?rest_route=\/wp\/v2\/posts"}],"about":[{"href":"https:\/\/jugulajm.net\/index.php?rest_route=\/wp\/v2\/types\/post"}],"author":[{"embeddable":true,"href":"https:\/\/jugulajm.net\/index.php?rest_route=\/wp\/v2\/users\/5"}],"replies":[{"embeddable":true,"href":"https:\/\/jugulajm.net\/index.php?rest_route=%2Fwp%2Fv2%2Fcomments&post=59990"}],"version-history":[{"count":0,"href":"https:\/\/jugulajm.net\/index.php?rest_route=\/wp\/v2\/posts\/59990\/revisions"}],"wp:featuredmedia":[{"embeddable":true,"href":"https:\/\/jugulajm.net\/index.php?rest_route=\/wp\/v2\/media\/59991"}],"wp:attachment":[{"href":"https:\/\/jugulajm.net\/index.php?rest_route=%2Fwp%2Fv2%2Fmedia&parent=59990"}],"wp:term":[{"taxonomy":"category","embeddable":true,"href":"https:\/\/jugulajm.net\/index.php?rest_route=%2Fwp%2Fv2%2Fcategories&post=59990"},{"taxonomy":"post_tag","embeddable":true,"href":"https:\/\/jugulajm.net\/index.php?rest_route=%2Fwp%2Fv2%2Ftags&post=59990"}],"curies":[{"name":"wp","href":"https:\/\/api.w.org\/{rel}","templated":true}]}}