{"id":59942,"date":"2023-06-01T18:23:23","date_gmt":"2023-06-01T16:23:23","guid":{"rendered":"https:\/\/jugulajm.net\/?p=59942"},"modified":"2023-06-01T18:24:37","modified_gmt":"2023-06-01T16:24:37","slug":"foto-aksident-drejtuesi-i-motorit-gjendet-i-plagosur-ne-mes-te-rruges-nga-kalimtaret","status":"publish","type":"post","link":"https:\/\/jugulajm.net\/?p=59942","title":{"rendered":"FOTO\/ Aksident, drejtuesi i motorit gjendet i plagosur n\u00eb mes t\u00eb rrug\u00ebs nga kalimtar\u00ebt"},"content":{"rendered":"<p>Nj\u00eb aksident \u00ebsht\u00eb regjistruar pasditen e sotme n\u00eb hyrje t\u00eb qytetit t\u00eb Klosit. Ngjarja ka ndodhur n\u00eb vendin e quajtur ish pazari i vjet\u00ebr ku nj\u00eb person i cili po udh\u00ebtonte me moto\u00e7iklet\u00eb \u00ebsht\u00eb gjetur p\u00ebrmbys n\u00eb rrug\u00eb i gjakosur.<\/p>\n<p>Kan\u00eb qen\u00eb kalimtar\u00ebt e rastit t\u00eb cil\u00ebt i kan\u00eb dh\u00ebn\u00eb ndihm\u00ebn e par\u00eb duke telefonuar sh\u00ebrbimin e emergjenc\u00ebs. \u00a0Menj\u00ebher\u00eb n\u00eb vendin e ngjarjes ka mb\u00ebrritur autoambulanca e qendr\u00ebs Sh\u00ebndet\u00ebsore Klos dhe e kan\u00eb d\u00ebrguar drejt spitalit.<\/p>\n<p>Burime pran\u00eb qendr\u00ebs sh\u00ebndet\u00ebsore Klos than\u00eb se i plagosuri \u00ebsht\u00eb gjetur n\u00eb gjendje t\u00eb r\u00ebnd\u00eb pasi ka p\u00ebsuar fraktur\u00eb n\u00eb pjes\u00ebn e pasme t\u00eb kok\u00ebs. Pasi ka marr\u00eb ndihm\u00ebn e par\u00eb n\u00eb Qendr\u00ebn Sh\u00ebndet\u00ebsore Klos \u00ebsht\u00eb d\u00ebrguar me urgjenc\u00eb n\u00eb spitalin e Burrelit.<\/p>\n<p>Paraprakisht nuk dihet n\u00ebse personi me inicialet D.D \u00ebsht\u00eb aksidentuar vet\u00eb me motorin e tij apo \u00ebsht\u00eb goditur nga ndonj\u00eb automjet q\u00eb m\u00eb pas mund t\u00eb jet\u00eb larguar nga vendi i ngjarjes.<\/p>\n","protected":false},"excerpt":{"rendered":"<p>Nj\u00eb aksident \u00ebsht\u00eb regjistruar pasditen e sotme n\u00eb hyrje t\u00eb qytetit t\u00eb Klosit. Ngjarja ka ndodhur n\u00eb vendin e quajtur ish pazari i vjet\u00ebr ku nj\u00eb person i cili po udh\u00ebtonte me moto\u00e7iklet\u00eb \u00ebsht\u00eb gjetur p\u00ebrmbys n\u00eb rrug\u00eb i gjakosur. Kan\u00eb qen\u00eb kalimtar\u00ebt e rastit t\u00eb cil\u00ebt i kan\u00eb dh\u00ebn\u00eb ndihm\u00ebn e par\u00eb duke telefonuar [&hellip;]<\/p>\n","protected":false},"author":5,"featured_media":59943,"comment_status":"closed","ping_status":"closed","sticky":false,"template":"","format":"standard","meta":{"footnotes":""},"categories":[1,6332],"tags":[23734,23153],"class_list":{"0":"post-59942","1":"post","2":"type-post","3":"status-publish","4":"format-standard","5":"has-post-thumbnail","7":"category-aktualitet","8":"category-te-fundit","9":"tag-drejtuesi-i-motorit-gjendet-i-plagosur-ne-mes-te-rruges-nga-kalimtaret","10":"tag-foto-aksident"},"_links":{"self":[{"href":"https:\/\/jugulajm.net\/index.php?rest_route=\/wp\/v2\/posts\/59942","targetHints":{"allow":["GET"]}}],"collection":[{"href":"https:\/\/jugulajm.net\/index.php?rest_route=\/wp\/v2\/posts"}],"about":[{"href":"https:\/\/jugulajm.net\/index.php?rest_route=\/wp\/v2\/types\/post"}],"author":[{"embeddable":true,"href":"https:\/\/jugulajm.net\/index.php?rest_route=\/wp\/v2\/users\/5"}],"replies":[{"embeddable":true,"href":"https:\/\/jugulajm.net\/index.php?rest_route=%2Fwp%2Fv2%2Fcomments&post=59942"}],"version-history":[{"count":0,"href":"https:\/\/jugulajm.net\/index.php?rest_route=\/wp\/v2\/posts\/59942\/revisions"}],"wp:featuredmedia":[{"embeddable":true,"href":"https:\/\/jugulajm.net\/index.php?rest_route=\/wp\/v2\/media\/59943"}],"wp:attachment":[{"href":"https:\/\/jugulajm.net\/index.php?rest_route=%2Fwp%2Fv2%2Fmedia&parent=59942"}],"wp:term":[{"taxonomy":"category","embeddable":true,"href":"https:\/\/jugulajm.net\/index.php?rest_route=%2Fwp%2Fv2%2Fcategories&post=59942"},{"taxonomy":"post_tag","embeddable":true,"href":"https:\/\/jugulajm.net\/index.php?rest_route=%2Fwp%2Fv2%2Ftags&post=59942"}],"curies":[{"name":"wp","href":"https:\/\/api.w.org\/{rel}","templated":true}]}}