{"id":59891,"date":"2023-05-31T17:33:00","date_gmt":"2023-05-31T15:33:00","guid":{"rendered":"https:\/\/jugulajm.net\/?p=59891"},"modified":"2023-05-31T17:33:54","modified_gmt":"2023-05-31T15:33:54","slug":"pas-8-vitesh-rikthehet-festivali-folklorik-i-gjirokastres-ja-data-kur-fillon","status":"publish","type":"post","link":"https:\/\/jugulajm.net\/?p=59891","title":{"rendered":"Pas 8 vitesh rikthehet Festivali Folklorik i Gjirokastr\u00ebs, ja data kur fillon&#8230;"},"content":{"rendered":"<p>Nga data 24 qershor deri n\u00eb 1 korrik n\u00eb Gjirokast\u00ebr do t\u00eb rikthehet festivali folklorik.<\/p>\n<p>N\u00eb k\u00ebt\u00eb\u00a0<span data-cke-bogus=\"true\">aktivitet\u00a0do t\u00eb marrin pjes\u00eb m\u00eb shum\u00eb se 1200 artist\u00eb.<\/span><\/p>\n<p><span data-production-element-type=\"instruction\">Rikthehet pas 8 vitesh munges\u00eb festivali folklorik I Gjirokastr\u00ebs. <\/span><\/p>\n<p><span data-production-element-type=\"instruction\">Edicioni i 11 i tij, do t\u00eb mbahet n\u00eb kalan\u00eb e Gjirokastr\u00ebs, nga data 24 deri m\u00eb 1 Korrik.<\/span><\/p>\n<p><span data-production-element-type=\"instruction\">12 qarqe t\u00eb vendet por dhe nga diaspora, do t\u00eb prezantojn\u00eb traditat e tyre, n\u00eb sken\u00ebn tradicionale t\u00eb kalas\u00eb.<\/span><\/p>\n","protected":false},"excerpt":{"rendered":"<p>Nga data 24 qershor deri n\u00eb 1 korrik n\u00eb Gjirokast\u00ebr do t\u00eb rikthehet festivali folklorik. N\u00eb k\u00ebt\u00eb\u00a0aktivitet\u00a0do t\u00eb marrin pjes\u00eb m\u00eb shum\u00eb se 1200 artist\u00eb. Rikthehet pas 8 vitesh munges\u00eb festivali folklorik I Gjirokastr\u00ebs. Edicioni i 11 i tij, do t\u00eb mbahet n\u00eb kalan\u00eb e Gjirokastr\u00ebs, nga data 24 deri m\u00eb 1 Korrik. 12 qarqe [&hellip;]<\/p>\n","protected":false},"author":5,"featured_media":59892,"comment_status":"closed","ping_status":"closed","sticky":false,"template":"","format":"standard","meta":{"footnotes":""},"categories":[7665,6332],"tags":[23707,23706],"class_list":{"0":"post-59891","1":"post","2":"type-post","3":"status-publish","4":"format-standard","5":"has-post-thumbnail","7":"category-art","8":"category-te-fundit","9":"tag-ja-data-kur-fillon","10":"tag-pas-8-vitesh-rikthehet-festivali-folklorik-i-gjirokastres"},"_links":{"self":[{"href":"https:\/\/jugulajm.net\/index.php?rest_route=\/wp\/v2\/posts\/59891","targetHints":{"allow":["GET"]}}],"collection":[{"href":"https:\/\/jugulajm.net\/index.php?rest_route=\/wp\/v2\/posts"}],"about":[{"href":"https:\/\/jugulajm.net\/index.php?rest_route=\/wp\/v2\/types\/post"}],"author":[{"embeddable":true,"href":"https:\/\/jugulajm.net\/index.php?rest_route=\/wp\/v2\/users\/5"}],"replies":[{"embeddable":true,"href":"https:\/\/jugulajm.net\/index.php?rest_route=%2Fwp%2Fv2%2Fcomments&post=59891"}],"version-history":[{"count":0,"href":"https:\/\/jugulajm.net\/index.php?rest_route=\/wp\/v2\/posts\/59891\/revisions"}],"wp:featuredmedia":[{"embeddable":true,"href":"https:\/\/jugulajm.net\/index.php?rest_route=\/wp\/v2\/media\/59892"}],"wp:attachment":[{"href":"https:\/\/jugulajm.net\/index.php?rest_route=%2Fwp%2Fv2%2Fmedia&parent=59891"}],"wp:term":[{"taxonomy":"category","embeddable":true,"href":"https:\/\/jugulajm.net\/index.php?rest_route=%2Fwp%2Fv2%2Fcategories&post=59891"},{"taxonomy":"post_tag","embeddable":true,"href":"https:\/\/jugulajm.net\/index.php?rest_route=%2Fwp%2Fv2%2Ftags&post=59891"}],"curies":[{"name":"wp","href":"https:\/\/api.w.org\/{rel}","templated":true}]}}