{"id":59884,"date":"2023-05-31T15:21:07","date_gmt":"2023-05-31T13:21:07","guid":{"rendered":"https:\/\/jugulajm.net\/?p=59884"},"modified":"2023-05-31T15:22:44","modified_gmt":"2023-05-31T13:22:44","slug":"spak-kerkon-burgim-te-perjetshem-per-redjan-rrajan-akuzohet-per-atentat-ndaj-prokurorit-ndoja","status":"publish","type":"post","link":"https:\/\/jugulajm.net\/?p=59884","title":{"rendered":"SPAK k\u00ebrkon burgim t\u00eb p\u00ebrjetsh\u00ebm p\u00ebr Redjan Rrajan, akuzohet p\u00ebr atentat ndaj prokurorit Ndoja"},"content":{"rendered":"<p>I arrestuar p\u00ebr atentatit ndaj prokurorit Arjan Ndoja, SPAK k\u00ebrkon burgim t\u00eb p\u00ebrjetsh\u00ebm p\u00ebr Redjan Rraj\u00ebn.<\/p>\n<p>Nj\u00eb pal\u00eb syze &#8220;Emporio Armani&#8221; me inicialet e tij, p\u00ebrftimi i ADN-s\u00eb n\u00eb provat e tjera n\u00eb vendin e ngjarjes dhe makin\u00ebn e autor\u00ebve, si rroba, kapele, doreza, t\u00eb dh\u00ebnat e siguruara nga zb\u00ebrthimi i dy telefonave, transkriptimi i \u00a0komunikimeve me platform\u00ebn SKY ECC, jan\u00eb provat q\u00eb fundos\u00ebn Redjan Rraj\u00ebn, gjat\u00eb hetimeve p\u00ebr atentatin e Shkozetit, ku vdiq shoferi Andi Maloku dhe u plagos\u00ebn ish-prokurori Arjan Ndoja e P\u00ebllumb Muharremi alias Aleksand\u00ebr Laho (&#8220;Rrumi i Shijakut&#8221;. Mbi k\u00ebto fakte, Prokuroria e Posa\u00e7me k\u00ebrkoi d\u00ebnimin e tij me burgim t\u00eb p\u00ebrjetsh\u00ebm p\u00ebr 5 vepra penale, nd\u00ebrsa p\u00ebr ndihm\u00ebsin e tij Arjol Halilaj k\u00ebrkoi 35 vite heqje lirie.<\/p>\n<p>&#8220;Ndryshe sa ka pretenduar Redjan Rraja dhe mbrojta e tij, se vet\u00ebm profilet e ADN-s\u00eb kan\u00eb sh\u00ebrbyer si argument p\u00ebr akuz\u00ebn, b\u00ebjm\u00eb me dije se jan\u00eb p\u00ebrftuar po ashtu gjurm\u00eb t\u00eb tij n\u00eb rroba, xhup e tuta, kapele e doreza t\u00eb tij&#8221;, tha prokurori i SPAK Adnan Xholi q\u00eb lexoi pretenc\u00ebn, teksa asistohej nga kolegu i tij Olsi Dado.<\/p>\n<p>M\u00eb tej, organi i akuz\u00ebs tregoi edhe detaje nga hetimet e kryera, ku &#8220;dit\u00ebn e ngjarjes sipas saj, Redjan Rraja \u00ebsht\u00eb zbardhur p\u00ebrmes val\u00ebve telefonike, vendndodhja e tij n\u00eb vendin e ngjarjes, teksa p\u00ebr 7 minuta ka kryer 886 hapa, l\u00ebvizje k\u00ebto intensive dhe t\u00eb sforcuara q\u00eb tregojn\u00eb angazhimin e tij n\u00eb krim si ekzekutor&#8221;, vijoi m\u00eb tej Xholi.<\/p>\n<p>Sipas Prokuroris\u00eb, &#8220;bashk\u00ebshortja e Redjan Rraj\u00ebs ka deklaruar se dit\u00ebn e ngjarjes ky i fundit ndodhej jasht\u00eb vendit, nd\u00ebrsa kjo \u00ebsht\u00eb p\u00ebrdorur si alibi nga i pandehuri, ndaj familjar\u00ebve t\u00eb tij. Jan\u00eb evidentuar nga transkriptimi i komunikimeve mes an\u00ebtar\u00ebve t\u00eb grupit, terma si &#8220;bidon&#8221;, &#8220;benzin&#8221;, &#8220;autostrad\u00eb&#8221;,\u00a0 &#8220;Benz&#8221;, &#8220;Arjani&#8221; etj, q\u00eb korrespondojn\u00eb me veprimet, planin dhe l\u00ebvizjet e autor\u00ebve&#8221;, tha akuza.<\/p>\n<p>Seanca e radh\u00ebs me konkluzionet e mbrojtjes s\u00eb Rraj\u00ebs dhe Halilit do t\u00eb mbahet m\u00eb 15 qershor n\u00eb or\u00ebn 14:00.<\/p>\n","protected":false},"excerpt":{"rendered":"<p>I arrestuar p\u00ebr atentatit ndaj prokurorit Arjan Ndoja, SPAK k\u00ebrkon burgim t\u00eb p\u00ebrjetsh\u00ebm p\u00ebr Redjan Rraj\u00ebn. Nj\u00eb pal\u00eb syze &#8220;Emporio Armani&#8221; me inicialet e tij, p\u00ebrftimi i ADN-s\u00eb n\u00eb provat e tjera n\u00eb vendin e ngjarjes dhe makin\u00ebn e autor\u00ebve, si rroba, kapele, doreza, t\u00eb dh\u00ebnat e siguruara nga zb\u00ebrthimi i dy telefonave, transkriptimi i [&hellip;]<\/p>\n","protected":false},"author":5,"featured_media":59887,"comment_status":"closed","ping_status":"closed","sticky":false,"template":"","format":"standard","meta":{"footnotes":""},"categories":[1,6332],"tags":[23703,23702],"class_list":{"0":"post-59884","1":"post","2":"type-post","3":"status-publish","4":"format-standard","5":"has-post-thumbnail","7":"category-aktualitet","8":"category-te-fundit","9":"tag-akuzohet-per-atentat-ndaj-prokurorit-ndoja","10":"tag-spak-kerkon-burgim-te-perjetshem-per-redjan-rrajan"},"_links":{"self":[{"href":"https:\/\/jugulajm.net\/index.php?rest_route=\/wp\/v2\/posts\/59884","targetHints":{"allow":["GET"]}}],"collection":[{"href":"https:\/\/jugulajm.net\/index.php?rest_route=\/wp\/v2\/posts"}],"about":[{"href":"https:\/\/jugulajm.net\/index.php?rest_route=\/wp\/v2\/types\/post"}],"author":[{"embeddable":true,"href":"https:\/\/jugulajm.net\/index.php?rest_route=\/wp\/v2\/users\/5"}],"replies":[{"embeddable":true,"href":"https:\/\/jugulajm.net\/index.php?rest_route=%2Fwp%2Fv2%2Fcomments&post=59884"}],"version-history":[{"count":0,"href":"https:\/\/jugulajm.net\/index.php?rest_route=\/wp\/v2\/posts\/59884\/revisions"}],"wp:featuredmedia":[{"embeddable":true,"href":"https:\/\/jugulajm.net\/index.php?rest_route=\/wp\/v2\/media\/59887"}],"wp:attachment":[{"href":"https:\/\/jugulajm.net\/index.php?rest_route=%2Fwp%2Fv2%2Fmedia&parent=59884"}],"wp:term":[{"taxonomy":"category","embeddable":true,"href":"https:\/\/jugulajm.net\/index.php?rest_route=%2Fwp%2Fv2%2Fcategories&post=59884"},{"taxonomy":"post_tag","embeddable":true,"href":"https:\/\/jugulajm.net\/index.php?rest_route=%2Fwp%2Fv2%2Ftags&post=59884"}],"curies":[{"name":"wp","href":"https:\/\/api.w.org\/{rel}","templated":true}]}}