{"id":59875,"date":"2023-05-31T12:12:49","date_gmt":"2023-05-31T10:12:49","guid":{"rendered":"https:\/\/jugulajm.net\/?p=59875"},"modified":"2023-05-31T12:12:49","modified_gmt":"2023-05-31T10:12:49","slug":"lajm-i-fundit-zjarr-prane-ambienteve-te-paraburgimit-ne-vlore","status":"publish","type":"post","link":"https:\/\/jugulajm.net\/?p=59875","title":{"rendered":"LAJM I FUNDIT\/ Zjarr pran\u00eb ambienteve t\u00eb paraburgimit n\u00eb Vlor\u00eb"},"content":{"rendered":"<p>Nj\u00eb vat\u00ebr zjarri ka r\u00ebn\u00eb dit\u00ebn e sotme pran\u00eb ambienteve t\u00eb IEVP Vlor\u00eb (n\u00eb ambientin e paraburgimit).<\/p>\n<p>Drejt vendngjarjes \u00ebsht\u00eb nisur menj\u00ebher\u00eb 1 mjet zjarrfik\u00ebs me 3 efektiv\u00eb.<\/p>\n<p>Fatmir\u00ebsisht vatra e zjarrit ka qen\u00eb n\u00eb ambientet e shkurreve n\u00eb af\u00ebrsi t\u00eb institucionit, dhe nuk \u00ebsht\u00eb p\u00ebrhapur n\u00eb godin\u00eb.<\/p>\n<p>Zjarrfik\u00ebsit kan\u00eb v\u00ebn\u00eb n\u00ebn kontroll flak\u00ebt, duke b\u00ebr\u00eb q\u00eb situata t\u00eb mos ishte akoma m\u00eb tragjike.<\/p>\n","protected":false},"excerpt":{"rendered":"<p>Nj\u00eb vat\u00ebr zjarri ka r\u00ebn\u00eb dit\u00ebn e sotme pran\u00eb ambienteve t\u00eb IEVP Vlor\u00eb (n\u00eb ambientin e paraburgimit). Drejt vendngjarjes \u00ebsht\u00eb nisur menj\u00ebher\u00eb 1 mjet zjarrfik\u00ebs me 3 efektiv\u00eb. Fatmir\u00ebsisht vatra e zjarrit ka qen\u00eb n\u00eb ambientet e shkurreve n\u00eb af\u00ebrsi t\u00eb institucionit, dhe nuk \u00ebsht\u00eb p\u00ebrhapur n\u00eb godin\u00eb. Zjarrfik\u00ebsit kan\u00eb v\u00ebn\u00eb n\u00ebn kontroll flak\u00ebt, duke [&hellip;]<\/p>\n","protected":false},"author":5,"featured_media":55168,"comment_status":"closed","ping_status":"closed","sticky":false,"template":"","format":"standard","meta":{"footnotes":""},"categories":[1,6332],"tags":[23697],"class_list":{"0":"post-59875","1":"post","2":"type-post","3":"status-publish","4":"format-standard","5":"has-post-thumbnail","7":"category-aktualitet","8":"category-te-fundit","9":"tag-lajm-i-fundit-zjarr-prane-ambienteve-te-paraburgimit-ne-vlore"},"_links":{"self":[{"href":"https:\/\/jugulajm.net\/index.php?rest_route=\/wp\/v2\/posts\/59875","targetHints":{"allow":["GET"]}}],"collection":[{"href":"https:\/\/jugulajm.net\/index.php?rest_route=\/wp\/v2\/posts"}],"about":[{"href":"https:\/\/jugulajm.net\/index.php?rest_route=\/wp\/v2\/types\/post"}],"author":[{"embeddable":true,"href":"https:\/\/jugulajm.net\/index.php?rest_route=\/wp\/v2\/users\/5"}],"replies":[{"embeddable":true,"href":"https:\/\/jugulajm.net\/index.php?rest_route=%2Fwp%2Fv2%2Fcomments&post=59875"}],"version-history":[{"count":0,"href":"https:\/\/jugulajm.net\/index.php?rest_route=\/wp\/v2\/posts\/59875\/revisions"}],"wp:featuredmedia":[{"embeddable":true,"href":"https:\/\/jugulajm.net\/index.php?rest_route=\/wp\/v2\/media\/55168"}],"wp:attachment":[{"href":"https:\/\/jugulajm.net\/index.php?rest_route=%2Fwp%2Fv2%2Fmedia&parent=59875"}],"wp:term":[{"taxonomy":"category","embeddable":true,"href":"https:\/\/jugulajm.net\/index.php?rest_route=%2Fwp%2Fv2%2Fcategories&post=59875"},{"taxonomy":"post_tag","embeddable":true,"href":"https:\/\/jugulajm.net\/index.php?rest_route=%2Fwp%2Fv2%2Ftags&post=59875"}],"curies":[{"name":"wp","href":"https:\/\/api.w.org\/{rel}","templated":true}]}}