{"id":59610,"date":"2023-05-25T17:34:22","date_gmt":"2023-05-25T15:34:22","guid":{"rendered":"https:\/\/jugulajm.net\/?p=59610"},"modified":"2023-05-31T09:41:52","modified_gmt":"2023-05-31T07:41:52","slug":"del-neser-para-gjykates-laert-haxhiu-greqia-i-ngre-3-akuza-penale-ja-cilat","status":"publish","type":"post","link":"https:\/\/jugulajm.net\/?p=59610","title":{"rendered":"Laert Haxhiu del nes\u00ebr para gjykat\u00ebs, Greqia i ngre 3 akuza penale, ja cilat&#8230;"},"content":{"rendered":"<p>I shum\u00ebk\u00ebrkuari Laert Laxhiu, i cili u prangos tri dite m\u00eb par\u00eb n\u00eb Greqi, do t\u00eb dal\u00eb t\u00eb premten n\u00eb dy seanca t\u00eb ndara n\u00eb Gjykat\u00ebn e Janin\u00ebs, ku pritet t\u2019i caktohet nj\u00eb mas\u00eb sigurie p\u00ebr akuzat e ngritura ndaj tij nga autoritetet e shtetit fqinj.<\/p>\n<p>Procesi i par\u00eb ka lidhje me akuzat e falsifikimit t\u00eb pasaport\u00ebs, kund\u00ebrshtim me dhun\u00eb t\u00eb punonj\u00ebsve t\u00eb policis\u00eb dhe kalim i paligjsh\u00ebm i kufirit, t\u00eb kryera n\u00eb Greqi. Por pas saj n\u00eb nj\u00eb seanc\u00eb e dyt\u00eb do t\u00eb zhvillohet n\u00eb k\u00ebt\u00eb gjykat\u00ebn e Janin\u00ebs, me objekt shqyrtimin e k\u00ebrkes\u00ebs s\u00eb pal\u00ebs Shqiptare p\u00ebr ta ekstraduar at\u00eb n\u00eb Shqip\u00ebri.<\/p>\n<p>Arsyeja e q\u00ebndrimit t\u00eb Haxhiut n\u00eb Greqi, sipas burimeve lidhet me faktin se ai kishte dy an\u00ebtar\u00eb t\u00eb familjes s\u00eb tij atje.<\/p>\n<p>31-vje\u00e7ari dyshohet se \u00ebsht\u00eb atentatori kryesor i ngjarjes s\u00eb 11 shtatorit 2017, ku n\u00eb qend\u00ebr t\u00eb qytetit u vran\u00eb Jurgen Hoxha dhe Zamir Latifit. \u00a0Haxhiu dyshohet se ka qen\u00eb edhe autori kryesor i plagosjes me pistolet\u00eb me 25 shtator t\u00eb 2016-\u00ebs t\u00eb Saimo Xheliut, ku po n\u00eb t\u00eb nj\u00ebjtin vit ai ka tentuar q\u00eb t\u00eb ekzekutoj\u00eb edhe nipin e Aldo Bares, Xhuljo Shkurti n\u00eb qend\u00ebr t\u00eb Lushnj\u00ebs.<\/p>\n<p>Ai \u00ebsht\u00eb d\u00ebnuar nga Gjykata e Lushnj\u00ebs me 18 vite burg p\u00ebr vrasje t\u00eb mbetur t\u00eb tentative dosje, e cila \u00ebsht\u00eb n\u00eb Gjykat\u00ebn e Lart\u00eb. Burime nga SPAK kan\u00eb b\u00ebr\u00eb me dije se ia kan\u00eb p\u00ebrcjelle materialet p\u00ebr 31-vjecarin, Ministris\u00eb s\u00eb Drejt\u00ebsis\u00eb nd\u00ebrsa kjo e fundit p\u00ebrmes let\u00ebrporosis\u00eb ia ka p\u00ebrcjell\u00eb shtetit grek.<\/p>\n<p>P\u00ebr masakr\u00ebn e Lushnj\u00ebs Gjykata e Posacme\u00a0 ka dh\u00ebn\u00eb dy burgime t\u00eb p\u00ebrjetshme p\u00ebr Orges Bilbilin dhe Anterio Kaloshi, nd\u00ebrsa \u00ebsht\u00eb ende n\u00eb process gjyqi p\u00ebr Laert Haxhiun, i cili ishte shpallur n\u00eb k\u00ebrkim nd\u00ebrsa jetonte ne shtetin grek, ku duket se ka krijuar edhe familje.<\/p>\n<p>Bashk\u00eb me Haxhiun, n\u00eb momentin e arrestimit n\u00eb automjet ndodheshin edhe shtetasit Firdeus Berberi, I shpallur n\u00eb k\u00ebrkim n\u00eb 25 qershor 2022, p\u00ebr nj\u00eb atentat n\u00eb Pogradec dhe Juxhin Barjami, I plagosur n\u00eb vitin 2021 n\u00eb nj\u00eb atentat n\u00eb Athin\u00eb.<\/p>\n","protected":false},"excerpt":{"rendered":"<p>I shum\u00ebk\u00ebrkuari Laert Laxhiu, i cili u prangos tri dite m\u00eb par\u00eb n\u00eb Greqi, do t\u00eb dal\u00eb t\u00eb premten n\u00eb dy seanca t\u00eb ndara n\u00eb Gjykat\u00ebn e Janin\u00ebs, ku pritet t\u2019i caktohet nj\u00eb mas\u00eb sigurie p\u00ebr akuzat e ngritura ndaj tij nga autoritetet e shtetit fqinj. Procesi i par\u00eb ka lidhje me akuzat e falsifikimit [&hellip;]<\/p>\n","protected":false},"author":5,"featured_media":59497,"comment_status":"closed","ping_status":"open","sticky":false,"template":"","format":"standard","meta":{"footnotes":""},"categories":[1,6332],"tags":[23586,23587,21504],"class_list":{"0":"post-59610","1":"post","2":"type-post","3":"status-publish","4":"format-standard","5":"has-post-thumbnail","7":"category-aktualitet","8":"category-te-fundit","9":"tag-del-neser-para-gjykates-laert-haxhiu","10":"tag-greqia-i-ngre-3-akuza-penale","11":"tag-ja-cilat"},"_links":{"self":[{"href":"https:\/\/jugulajm.net\/index.php?rest_route=\/wp\/v2\/posts\/59610","targetHints":{"allow":["GET"]}}],"collection":[{"href":"https:\/\/jugulajm.net\/index.php?rest_route=\/wp\/v2\/posts"}],"about":[{"href":"https:\/\/jugulajm.net\/index.php?rest_route=\/wp\/v2\/types\/post"}],"author":[{"embeddable":true,"href":"https:\/\/jugulajm.net\/index.php?rest_route=\/wp\/v2\/users\/5"}],"replies":[{"embeddable":true,"href":"https:\/\/jugulajm.net\/index.php?rest_route=%2Fwp%2Fv2%2Fcomments&post=59610"}],"version-history":[{"count":0,"href":"https:\/\/jugulajm.net\/index.php?rest_route=\/wp\/v2\/posts\/59610\/revisions"}],"wp:featuredmedia":[{"embeddable":true,"href":"https:\/\/jugulajm.net\/index.php?rest_route=\/wp\/v2\/media\/59497"}],"wp:attachment":[{"href":"https:\/\/jugulajm.net\/index.php?rest_route=%2Fwp%2Fv2%2Fmedia&parent=59610"}],"wp:term":[{"taxonomy":"category","embeddable":true,"href":"https:\/\/jugulajm.net\/index.php?rest_route=%2Fwp%2Fv2%2Fcategories&post=59610"},{"taxonomy":"post_tag","embeddable":true,"href":"https:\/\/jugulajm.net\/index.php?rest_route=%2Fwp%2Fv2%2Ftags&post=59610"}],"curies":[{"name":"wp","href":"https:\/\/api.w.org\/{rel}","templated":true}]}}