{"id":59599,"date":"2023-05-25T15:12:45","date_gmt":"2023-05-25T13:12:45","guid":{"rendered":"https:\/\/jugulajm.net\/?p=59599"},"modified":"2023-05-31T09:41:52","modified_gmt":"2023-05-31T07:41:52","slug":"estrade-ne-kuvend-felaj-ta-votojme-sa-me-shpejt-rritjen-e-rrogave-se-po-iken-presidenti-jashte","status":"publish","type":"post","link":"https:\/\/jugulajm.net\/?p=59599","title":{"rendered":"&#8220;Estrad\u00eb&#8221; n\u00eb kuvend, Felaj: Ta votojm\u00eb sa m\u00eb shpejt rritjen e rrogave se po ik\u00ebn presidenti jasht\u00eb"},"content":{"rendered":"<p>Kuvendi nxiton s\u00ebrish p\u00ebr t\u00eb dekretuar ligjin p\u00ebr rritjen e pagave. Pasi e futi me nxitim n\u00eb rendin e dit\u00ebs s\u00eb seanc\u00ebs s\u00eb sotme, pak dit\u00eb pasi u miratua nga komisioni parlamentar, Kuvendi k\u00ebrkon ta dekretoj\u00eb ligjin brenda 25 majit.<\/p>\n<p>Kjo pasi Presidenti i Republik\u00ebs Bajram Begaj niset nes\u00ebr p\u00ebr nj\u00eb vizit\u00eb zyrtare dyditore n\u00eb Itali dhe n\u00eb t\u00eb kund\u00ebrt ligji do t\u00eb dekretohej pas kthimit t\u00eb tij.<\/p>\n<p>Drejtuesja e seanc\u00ebs s\u00eb sotme, n\u00ebnkryetarja e Kuvendit Ermonela Felaj ka njoftuar koleg\u00ebt se projektligji do t\u00eb votohet n\u00eb or\u00ebn 14:30 para p\u00ebrfundimit t\u00eb seanc\u00ebs dhe se presidenti e ka dh\u00ebn\u00eb p\u00eblqimin p\u00ebr dekretimin e menj\u00ebhersh\u00ebm.<\/p>\n<p><em>Nd\u00ebrkoh\u00eb koleg\u00eb ju njoftoj q\u00eb Presidenti i Republik\u00ebs ka dh\u00ebn\u00eb p\u00eblqimin p\u00ebr dekretimin e menj\u00ebhersh\u00ebm t\u00eb paket\u00ebs s\u00eb ligjeve p\u00ebr shkak edhe t\u00eb largimit t\u00eb tij n\u00eb nj\u00eb vizit\u00eb jasht\u00eb vendit, n\u00eb or\u00ebn 14:30 ne do t\u00eb votojm\u00eb p\u00ebrpara se t\u00eb p\u00ebrfundoj\u00eb seanca. K\u00ebshtu q\u00eb secili nga koleg\u00ebt t\u00eb shikoj\u00eb edhe radh\u00ebn e diskutimeve t\u00eb tij n\u00eb fjal\u00eb sepse n\u00eb at\u00eb or\u00eb do t\u00eb nd\u00ebrpriten diskutimet p\u00ebr t\u00eb kaluar n\u00eb votim\u201d,<\/em>\u00a0tha Felaj<\/p>\n","protected":false},"excerpt":{"rendered":"<p>Kuvendi nxiton s\u00ebrish p\u00ebr t\u00eb dekretuar ligjin p\u00ebr rritjen e pagave. Pasi e futi me nxitim n\u00eb rendin e dit\u00ebs s\u00eb seanc\u00ebs s\u00eb sotme, pak dit\u00eb pasi u miratua nga komisioni parlamentar, Kuvendi k\u00ebrkon ta dekretoj\u00eb ligjin brenda 25 majit. Kjo pasi Presidenti i Republik\u00ebs Bajram Begaj niset nes\u00ebr p\u00ebr nj\u00eb vizit\u00eb zyrtare dyditore n\u00eb [&hellip;]<\/p>\n","protected":false},"author":5,"featured_media":59600,"comment_status":"closed","ping_status":"open","sticky":false,"template":"","format":"standard","meta":{"footnotes":""},"categories":[6326,6332],"tags":[23582,23583],"class_list":{"0":"post-59599","1":"post","2":"type-post","3":"status-publish","4":"format-standard","5":"has-post-thumbnail","7":"category-politike","8":"category-te-fundit","9":"tag-estrade-ne-kuvend","10":"tag-felaj-ta-votojme-sa-me-shpejt-rritjen-e-rrogave-se-po-iken-presidenti-jashte"},"_links":{"self":[{"href":"https:\/\/jugulajm.net\/index.php?rest_route=\/wp\/v2\/posts\/59599","targetHints":{"allow":["GET"]}}],"collection":[{"href":"https:\/\/jugulajm.net\/index.php?rest_route=\/wp\/v2\/posts"}],"about":[{"href":"https:\/\/jugulajm.net\/index.php?rest_route=\/wp\/v2\/types\/post"}],"author":[{"embeddable":true,"href":"https:\/\/jugulajm.net\/index.php?rest_route=\/wp\/v2\/users\/5"}],"replies":[{"embeddable":true,"href":"https:\/\/jugulajm.net\/index.php?rest_route=%2Fwp%2Fv2%2Fcomments&post=59599"}],"version-history":[{"count":0,"href":"https:\/\/jugulajm.net\/index.php?rest_route=\/wp\/v2\/posts\/59599\/revisions"}],"wp:featuredmedia":[{"embeddable":true,"href":"https:\/\/jugulajm.net\/index.php?rest_route=\/wp\/v2\/media\/59600"}],"wp:attachment":[{"href":"https:\/\/jugulajm.net\/index.php?rest_route=%2Fwp%2Fv2%2Fmedia&parent=59599"}],"wp:term":[{"taxonomy":"category","embeddable":true,"href":"https:\/\/jugulajm.net\/index.php?rest_route=%2Fwp%2Fv2%2Fcategories&post=59599"},{"taxonomy":"post_tag","embeddable":true,"href":"https:\/\/jugulajm.net\/index.php?rest_route=%2Fwp%2Fv2%2Ftags&post=59599"}],"curies":[{"name":"wp","href":"https:\/\/api.w.org\/{rel}","templated":true}]}}