{"id":59532,"date":"2023-05-24T10:05:12","date_gmt":"2023-05-24T08:05:12","guid":{"rendered":"https:\/\/jugulajm.net\/?p=59532"},"modified":"2023-05-31T09:41:53","modified_gmt":"2023-05-31T07:41:53","slug":"emri-foto-vrasja-ne-kavaje-prangoset-shoku-i-habib-rexhes-ja-per-cfare-akuzohet","status":"publish","type":"post","link":"https:\/\/jugulajm.net\/?p=59532","title":{"rendered":"EMRI-FOTO\/ Vrasja n\u00eb Kavaj\u00eb, prangoset shoku i Habib Rexh\u00ebs, ja p\u00ebr \u00e7far\u00eb akuzohet&#8230;"},"content":{"rendered":"<p>Elvis Kurti, miku i Habib Rexh\u00ebs, \u00ebsht\u00eb arrestuar nga policia pasi e ka ndihmuar at\u00eb t\u00eb largohet nga vendi i ngjarjes pas ekzekutimit t\u00eb Arian Gos\u00ebs.<\/p>\n<p>Elvis Kurti, \u00ebsht\u00eb shoq\u00ebruar mbr\u00ebmjen e djeshme n\u00eb komisariat pas vet\u00ebdor\u00ebzimit t\u00eb Rexh\u00ebs, nd\u00ebrsa tashm\u00eb \u00ebsht\u00eb vendosur arrestimi i tij p\u00ebr p\u00ebrkrahjen e autorit t\u00eb vrasjes s\u00eb Arian Gos\u00ebs dhe p\u00ebr moskall\u00ebzim krimi.<\/p>\n<p>Habib Rexha\u00a0u vet\u00ebdor\u00ebzua\u00a0n\u00eb polici pas negociatave me familjar\u00ebt e t\u00eb riut.<\/p>\n<p>Gjat\u00eb d\u00ebshmis\u00eb s\u00eb dh\u00ebn\u00eb n\u00eb polici, autori i ngjarjes ka mohuar t\u00eb ket\u00eb b\u00ebr\u00eb nj\u00eb planifikim p\u00ebr vrasjen e Arjan Gos\u00ebs, duke th\u00ebn\u00eb se e kishte par\u00eb rast\u00ebsisht brenda lokalit n\u00eb Kavaj\u00eb dhe nga gjaknxeht\u00ebsia pasi iu kujtua v\u00ebllai i tij.<\/p>\n<p>N\u00eb d\u00ebshmin\u00eb e tij, Habib Rexha ka th\u00ebn\u00eb se ka qen\u00eb bashk\u00eb me shokun e tij Elvis Kurti, por\u00a0ky i fundit nuk kishte qen\u00eb n\u00eb dijeni mbi ngjarjen.<\/p>\n<p>Kurti dyshohet se e ka ndihmuar Rexh\u00ebn q\u00eb pas vrasjes t\u00eb largohet n\u00eb drejtim t\u00eb Kuk\u00ebsit.<\/p>\n","protected":false},"excerpt":{"rendered":"<p>Elvis Kurti, miku i Habib Rexh\u00ebs, \u00ebsht\u00eb arrestuar nga policia pasi e ka ndihmuar at\u00eb t\u00eb largohet nga vendi i ngjarjes pas ekzekutimit t\u00eb Arian Gos\u00ebs. Elvis Kurti, \u00ebsht\u00eb shoq\u00ebruar mbr\u00ebmjen e djeshme n\u00eb komisariat pas vet\u00ebdor\u00ebzimit t\u00eb Rexh\u00ebs, nd\u00ebrsa tashm\u00eb \u00ebsht\u00eb vendosur arrestimi i tij p\u00ebr p\u00ebrkrahjen e autorit t\u00eb vrasjes s\u00eb Arian Gos\u00ebs [&hellip;]<\/p>\n","protected":false},"author":5,"featured_media":59533,"comment_status":"closed","ping_status":"open","sticky":false,"template":"","format":"standard","meta":{"footnotes":""},"categories":[1,6332],"tags":[23545,23547,23546],"class_list":{"0":"post-59532","1":"post","2":"type-post","3":"status-publish","4":"format-standard","5":"has-post-thumbnail","7":"category-aktualitet","8":"category-te-fundit","9":"tag-emri-foto-vrasja-ne-kavaje","10":"tag-ja-per-cfare-akuzohet","11":"tag-prangoset-shoku-i-habib-rexhes"},"_links":{"self":[{"href":"https:\/\/jugulajm.net\/index.php?rest_route=\/wp\/v2\/posts\/59532","targetHints":{"allow":["GET"]}}],"collection":[{"href":"https:\/\/jugulajm.net\/index.php?rest_route=\/wp\/v2\/posts"}],"about":[{"href":"https:\/\/jugulajm.net\/index.php?rest_route=\/wp\/v2\/types\/post"}],"author":[{"embeddable":true,"href":"https:\/\/jugulajm.net\/index.php?rest_route=\/wp\/v2\/users\/5"}],"replies":[{"embeddable":true,"href":"https:\/\/jugulajm.net\/index.php?rest_route=%2Fwp%2Fv2%2Fcomments&post=59532"}],"version-history":[{"count":0,"href":"https:\/\/jugulajm.net\/index.php?rest_route=\/wp\/v2\/posts\/59532\/revisions"}],"wp:featuredmedia":[{"embeddable":true,"href":"https:\/\/jugulajm.net\/index.php?rest_route=\/wp\/v2\/media\/59533"}],"wp:attachment":[{"href":"https:\/\/jugulajm.net\/index.php?rest_route=%2Fwp%2Fv2%2Fmedia&parent=59532"}],"wp:term":[{"taxonomy":"category","embeddable":true,"href":"https:\/\/jugulajm.net\/index.php?rest_route=%2Fwp%2Fv2%2Fcategories&post=59532"},{"taxonomy":"post_tag","embeddable":true,"href":"https:\/\/jugulajm.net\/index.php?rest_route=%2Fwp%2Fv2%2Ftags&post=59532"}],"curies":[{"name":"wp","href":"https:\/\/api.w.org\/{rel}","templated":true}]}}