{"id":59518,"date":"2023-05-23T20:15:16","date_gmt":"2023-05-23T18:15:16","guid":{"rendered":"https:\/\/jugulajm.net\/?p=59518"},"modified":"2023-05-31T09:41:54","modified_gmt":"2023-05-31T07:41:54","slug":"u-vetedorezua-ne-polici-zbardhet-deshmia-e-habib-rexhes-e-pashe-ne-zone-dhe","status":"publish","type":"post","link":"https:\/\/jugulajm.net\/?p=59518","title":{"rendered":"U vet\u00ebdor\u00ebzua n\u00eb polici\/ Zbardhet d\u00ebshmia e Habib Rexh\u00ebs: E pash\u00eb n\u00eb zon\u00eb dhe&#8230;"},"content":{"rendered":"<p>Zbardhen pjes\u00eb nga d\u00ebshmia e Habib Rexh\u00ebs, autori i dyshuar i ekzekutimit t\u00eb Arjan Gos\u00ebs, pak dit\u00eb m\u00eb par\u00eb n\u00eb Kavaj\u00eb.<\/p>\n<p>Rexha u vet\u00ebdor\u00ebzua dit\u00ebn e sotme n\u00eb Policin\u00eb e Kavaj\u00ebs, pas negociatave me familjen.<\/p>\n<p>Gjat\u00eb d\u00ebshmis\u00eb s\u00eb dh\u00ebn\u00eb nga Rexha p\u00ebrball\u00eb oficer\u00ebve t\u00eb policis\u00eb gjyq\u00ebsore, ai ka rr\u00ebfyer se si ka vendosur t\u00eb kryej\u00eb krimin e r\u00ebnd\u00eb.<\/p>\n<p>Ai ka treguar p\u00ebr policin\u00eb se dit\u00ebn e ngjarjes ka qen\u00eb rast\u00ebsisht n\u00eb t\u00eb nj\u00ebjt\u00ebn zon\u00eb me Arjan Gos\u00ebn. Ai \u00ebsht\u00eb shprehur se n\u00eb makin\u00eb ka qen\u00eb nj\u00eb shokun e tij, i cili nuk ka qen\u00eb n\u00eb dijeni t\u00eb situat\u00ebs. I ka k\u00ebrkuar mikut t\u00eb tij t\u00eb parkonte pak metra larg lokalit dhe ka shkuar e ka q\u00eblluar me pistolet\u00ebn, t\u00eb cil\u00ebn e mbante me vete dhe pa leje.<\/p>\n<p>Me tej, ai ka treguar p\u00ebr policin\u00eb, se i ka k\u00ebrkuar mikut t\u00eb largohen, duke e l\u00ebn\u00eb diku n\u00eb dalje t\u00eb Kavaj\u00ebs. Sipas burimeve p\u00ebr SYRI TV, b\u00ebhet me dije se autori ka q\u00ebndruar n\u00eb Kuk\u00ebs k\u00ebto dit\u00eb.<\/p>\n<p>Pas negociatave me familjar\u00ebt k\u00ebta t\u00eb fundit kan\u00eb k\u00ebrkuar 2-3 dit\u00eb koh\u00eb p\u00ebr ta bindur djalin e tyre t\u00eb vet\u00ebdor\u00ebzohet, p\u00ebr shkak se duke ja njohur temperamentin e djalit t\u00eb tyre dhe i druheshin nj\u00eb p\u00ebrplasje apo ngjarje tjet\u00ebr.<\/p>\n","protected":false},"excerpt":{"rendered":"<p>Zbardhen pjes\u00eb nga d\u00ebshmia e Habib Rexh\u00ebs, autori i dyshuar i ekzekutimit t\u00eb Arjan Gos\u00ebs, pak dit\u00eb m\u00eb par\u00eb n\u00eb Kavaj\u00eb. Rexha u vet\u00ebdor\u00ebzua dit\u00ebn e sotme n\u00eb Policin\u00eb e Kavaj\u00ebs, pas negociatave me familjen. Gjat\u00eb d\u00ebshmis\u00eb s\u00eb dh\u00ebn\u00eb nga Rexha p\u00ebrball\u00eb oficer\u00ebve t\u00eb policis\u00eb gjyq\u00ebsore, ai ka rr\u00ebfyer se si ka vendosur t\u00eb kryej\u00eb [&hellip;]<\/p>\n","protected":false},"author":5,"featured_media":59426,"comment_status":"closed","ping_status":"open","sticky":false,"template":"","format":"standard","meta":{"footnotes":""},"categories":[1,6332],"tags":[23541],"class_list":{"0":"post-59518","1":"post","2":"type-post","3":"status-publish","4":"format-standard","5":"has-post-thumbnail","7":"category-aktualitet","8":"category-te-fundit","9":"tag-u-vetedorezua-ne-polici-zbardhet-deshmia-e-habib-rexhes-e-pashe-ne-zone-dhe"},"_links":{"self":[{"href":"https:\/\/jugulajm.net\/index.php?rest_route=\/wp\/v2\/posts\/59518","targetHints":{"allow":["GET"]}}],"collection":[{"href":"https:\/\/jugulajm.net\/index.php?rest_route=\/wp\/v2\/posts"}],"about":[{"href":"https:\/\/jugulajm.net\/index.php?rest_route=\/wp\/v2\/types\/post"}],"author":[{"embeddable":true,"href":"https:\/\/jugulajm.net\/index.php?rest_route=\/wp\/v2\/users\/5"}],"replies":[{"embeddable":true,"href":"https:\/\/jugulajm.net\/index.php?rest_route=%2Fwp%2Fv2%2Fcomments&post=59518"}],"version-history":[{"count":0,"href":"https:\/\/jugulajm.net\/index.php?rest_route=\/wp\/v2\/posts\/59518\/revisions"}],"wp:featuredmedia":[{"embeddable":true,"href":"https:\/\/jugulajm.net\/index.php?rest_route=\/wp\/v2\/media\/59426"}],"wp:attachment":[{"href":"https:\/\/jugulajm.net\/index.php?rest_route=%2Fwp%2Fv2%2Fmedia&parent=59518"}],"wp:term":[{"taxonomy":"category","embeddable":true,"href":"https:\/\/jugulajm.net\/index.php?rest_route=%2Fwp%2Fv2%2Fcategories&post=59518"},{"taxonomy":"post_tag","embeddable":true,"href":"https:\/\/jugulajm.net\/index.php?rest_route=%2Fwp%2Fv2%2Ftags&post=59518"}],"curies":[{"name":"wp","href":"https:\/\/api.w.org\/{rel}","templated":true}]}}