{"id":59510,"date":"2023-05-23T18:58:06","date_gmt":"2023-05-23T16:58:06","guid":{"rendered":"https:\/\/jugulajm.net\/?p=59510"},"modified":"2023-05-31T09:41:54","modified_gmt":"2023-05-31T07:41:54","slug":"foto-protesta-jashte-ambasades-shqiptare-ne-athine","status":"publish","type":"post","link":"https:\/\/jugulajm.net\/?p=59510","title":{"rendered":"FOTO\/ Protesta jasht\u00eb ambasad\u00ebs shqiptare n\u00eb Athin\u00eb"},"content":{"rendered":"<p>Nj\u00eb tubim proteste \u00ebsht\u00eb zhvilluar pasditen e dit\u00ebs s\u00eb sotme jasht\u00eb ambasad\u00ebs shqiptare n\u00eb Athin\u00eb n\u00eb lidhje me arrestimin e kryebashkiakut t\u00eb zgjedhur t\u00eb Himar\u00ebs, Fredi Beleri.<\/p>\n<p>Nj\u00eb thirrje lidhur me k\u00ebt\u00eb \u00ebsht\u00eb b\u00ebr\u00eb edhe nga Unioni i Himariot\u00ebve ku jan\u00eb shprehur se \u201cDemokracia nuk burgoset\u201d.<\/p>\n<p>\u201cZgjedhjet fitohen n\u00eb qendrat e votimit dhe jo n\u00eb burgje\u201d, nj\u00eb tjet\u00ebr slogan.<\/p>\n<p>T\u00eb h\u00ebn\u00ebn u mblodh Gjykata Speciale kund\u00ebr Korrupsionit dhe Krimit t\u00eb Organizuar (SPAK)\u00a0 dhe vendosi zgjatjen e mas\u00ebs s\u00eb paraburgimit p\u00ebr kryebashkiakun e ri t\u00eb Himar\u00ebs dhe bashk\u00ebpun\u00ebtorin e tij, Panteli Kokaveshi.<\/p>\n<p>Prokurorja kund\u00ebr korrupsionit vendosi t\u00eb ngrej\u00eb akuza p\u00ebr \u201ckorrupsion aktiv n\u00eb zgjedhje\u201d ndaj dy personave.<\/p>\n<p><img decoding=\"async\" class=\"loaded td-animation-stack-type0-2 lazy-loaded\" src=\"https:\/\/i1.prth.gr\/images\/w880\/files\/2023-05-23\/alvaniki-presveia1.jpg\" alt=\"alvaniki-presveia1\" data-lazy-type=\"image\" data-src=\"https:\/\/i1.prth.gr\/images\/w880\/files\/2023-05-23\/alvaniki-presveia1.jpg\" data-was-processed=\"true\" \/><\/p>\n<p><img decoding=\"async\" class=\"loaded td-animation-stack-type0-2 lazy-loaded\" src=\"https:\/\/i1.prth.gr\/images\/w880\/files\/2023-05-23\/alvaniki-presveia3.jpg\" alt=\"alvaniki-presveia3\" data-lazy-type=\"image\" data-src=\"https:\/\/i1.prth.gr\/images\/w880\/files\/2023-05-23\/alvaniki-presveia3.jpg\" data-was-processed=\"true\" \/><\/p>\n","protected":false},"excerpt":{"rendered":"<p>Nj\u00eb tubim proteste \u00ebsht\u00eb zhvilluar pasditen e dit\u00ebs s\u00eb sotme jasht\u00eb ambasad\u00ebs shqiptare n\u00eb Athin\u00eb n\u00eb lidhje me arrestimin e kryebashkiakut t\u00eb zgjedhur t\u00eb Himar\u00ebs, Fredi Beleri. Nj\u00eb thirrje lidhur me k\u00ebt\u00eb \u00ebsht\u00eb b\u00ebr\u00eb edhe nga Unioni i Himariot\u00ebve ku jan\u00eb shprehur se \u201cDemokracia nuk burgoset\u201d. \u201cZgjedhjet fitohen n\u00eb qendrat e votimit dhe jo n\u00eb [&hellip;]<\/p>\n","protected":false},"author":5,"featured_media":59511,"comment_status":"closed","ping_status":"open","sticky":false,"template":"","format":"standard","meta":{"footnotes":""},"categories":[1,6332],"tags":[23538],"class_list":{"0":"post-59510","1":"post","2":"type-post","3":"status-publish","4":"format-standard","5":"has-post-thumbnail","7":"category-aktualitet","8":"category-te-fundit","9":"tag-foto-protesta-jashte-ambasades-shqiptare-ne-athine"},"_links":{"self":[{"href":"https:\/\/jugulajm.net\/index.php?rest_route=\/wp\/v2\/posts\/59510","targetHints":{"allow":["GET"]}}],"collection":[{"href":"https:\/\/jugulajm.net\/index.php?rest_route=\/wp\/v2\/posts"}],"about":[{"href":"https:\/\/jugulajm.net\/index.php?rest_route=\/wp\/v2\/types\/post"}],"author":[{"embeddable":true,"href":"https:\/\/jugulajm.net\/index.php?rest_route=\/wp\/v2\/users\/5"}],"replies":[{"embeddable":true,"href":"https:\/\/jugulajm.net\/index.php?rest_route=%2Fwp%2Fv2%2Fcomments&post=59510"}],"version-history":[{"count":0,"href":"https:\/\/jugulajm.net\/index.php?rest_route=\/wp\/v2\/posts\/59510\/revisions"}],"wp:featuredmedia":[{"embeddable":true,"href":"https:\/\/jugulajm.net\/index.php?rest_route=\/wp\/v2\/media\/59511"}],"wp:attachment":[{"href":"https:\/\/jugulajm.net\/index.php?rest_route=%2Fwp%2Fv2%2Fmedia&parent=59510"}],"wp:term":[{"taxonomy":"category","embeddable":true,"href":"https:\/\/jugulajm.net\/index.php?rest_route=%2Fwp%2Fv2%2Fcategories&post=59510"},{"taxonomy":"post_tag","embeddable":true,"href":"https:\/\/jugulajm.net\/index.php?rest_route=%2Fwp%2Fv2%2Ftags&post=59510"}],"curies":[{"name":"wp","href":"https:\/\/api.w.org\/{rel}","templated":true}]}}