{"id":59471,"date":"2023-05-22T21:31:31","date_gmt":"2023-05-22T19:31:31","guid":{"rendered":"https:\/\/jugulajm.net\/?p=59471"},"modified":"2023-05-31T09:41:55","modified_gmt":"2023-05-31T07:41:55","slug":"arbana-po-shohim-ne-tv-emisionesh-te-pavlera-qe-na-tregojne-se-si-te-bejme-seks","status":"publish","type":"post","link":"https:\/\/jugulajm.net\/?p=59471","title":{"rendered":"Arbana: Po shohim n\u00eb tv emisionesh t\u00eb pavlera, q\u00eb na tregojn\u00eb se si t\u00eb b\u00ebjm\u00eb seks"},"content":{"rendered":"<p>Aktori i njohur Reshat Arbana ka reaguar ndaj debatit p\u00ebr ndalimin e filmave t\u00eb prodhuar gjat\u00eb periudh\u00ebs s\u00eb komunizmit.<\/p>\n<p>Ai shpreh keqardhje se pse k\u00ebto debate t\u00eb kota merren n\u00eb konsiderat\u00eb n\u00eb vend t\u00eb \u00e7\u00ebshtjeve t\u00eb r\u00ebnd\u00ebsishme p\u00ebr t\u00eb p\u00ebrmir\u00ebsuar gjendjen e vendit.<\/p>\n<p>Arbana thekson se shfaqjet televizive pa interes dhe debatet e pavlera jan\u00eb vet\u00ebm p\u00ebr t\u00eb mbushur or\u00ebt.<\/p>\n<p>Arbana v\u00eb n\u00eb dyshim frik\u00ebn e absurdit q\u00eb komunizmi t\u00eb rikthehet dhe tregon se ai ka kryer shum\u00eb filma n\u00eb at\u00eb koh\u00eb pa marr\u00eb pages\u00eb.<\/p>\n<p><strong>Reshat Arbana<\/strong><\/p>\n<p>\u201c<em>Pse na pyesni ne, p\u00ebrgjigjja jon\u00eb, pak a shum\u00eb, dihet. Pyesni njer\u00ebzit e thjesht\u00eb, ata q\u00eb i shohin filmat p\u00ebrdit\u00eb\u2026 nj\u00eb her\u00eb, pes\u00eb, dhjet\u00eb\u2026<\/em><\/p>\n<p><em>Ky vend ka probleme aq t\u00eb m\u00ebdha sa \u00ebsht\u00eb v\u00ebrtet e turpshme t\u00eb merresh me diskutime t\u00eb tilla.<\/em><\/p>\n<p><em>\u00a0Pse nuk merren me gj\u00ebra t\u00eb r\u00ebnd\u00ebsishme k\u00ebta njer\u00ebz, por shpikin debate t\u00eb kota q\u00eb nuk i vlejn\u00eb askujt, p\u00ebr \u00e7far\u00eb e b\u00ebjn\u00eb, p\u00ebr t\u00eb \u00e7orientuar njer\u00ebzit?!<\/em><\/p>\n<p><em>\u00a0Ku e kan\u00eb hallin? \u00c7do dit\u00eb po shohim n\u00eb televizor lloj-lloj emisionesh t\u00eb pavlera q\u00eb nuk i hyjn\u00eb n\u00eb pun\u00eb askujt.<\/em><\/p>\n<p><em>Debate pa interes p\u00ebr t\u00eb mbushur or\u00ebt.<\/em><\/p>\n<p><em>\u00c7far\u00eb duhet t\u00eb shohim e t\u00eb d\u00ebgjojm\u00eb tani ata njer\u00ebz q\u00eb dalin e na tregojn\u00eb se si t\u00eb b\u00ebjm\u00eb s\u2019eks?!<\/em><\/p>\n<p><em>Se tani u b\u00ebka s\u2019eks edhe treshe, edhe kat\u00ebrshe edhe me dhjet\u00eb vet\u00eb?!<\/em><\/p>\n<p><em>\u00c7far\u00eb jan\u00eb k\u00ebto idiot\u00ebsira!?<\/em><\/p>\n<p><em>Nuk e meritojn\u00eb v\u00ebmendjen ton\u00eb k\u00ebta njer\u00ebz, jo.<\/em><\/p>\n<p><em>Askujt nuk i bie nd\u00ebr mend komunizmi, \u00e7\u2019\u00ebsht\u00eb kjo frik\u00eb absurde q\u00eb do t\u00eb rikthehet.<\/em><\/p>\n<p><em>Un\u00eb kam b\u00ebr\u00eb 40 filma n\u00eb at\u00eb koh\u00eb, pa u paguar.<\/em><\/p>\n<p><em>Sot marr para edhe vet\u00ebm p\u00ebr nj\u00eb rol, as q\u00eb i krahasoj koh\u00ebt.<\/em><\/p>\n<p><em>Nuk duhet abuzuar me k\u00ebt\u00eb. Tani ngrihen ca t\u00eb men\u00e7ur q\u00eb na japin mend\u201d,<\/em>\u00a0thot\u00eb aktori i njohur, i cili vijoi:<\/p>\n<p>\u201c<em>Kush jemi ne? Nga vijm\u00eb? K\u00ebta duan t\u00eb na l\u00ebn\u00eb pa kujtime, pa d\u00ebshmor\u00eb, pa mite.<\/em><\/p>\n<p><em>Nuk dua ta zgjas m\u00eb k\u00ebt\u00eb bised\u00eb, sepse ju thash\u00eb q\u00eb nuk meritojn\u00eb kaq shum\u00eb v\u00ebmendje, por dua ta mbyll duke cituar Sk\u00ebnder Luarasin q\u00eb thot\u00eb: \u201cE gjith\u00eb bota i krijon heronjt\u00eb nga balta, nd\u00ebrsa ne i kemi dhe duam t\u2019i fshijm\u00eb<\/em>\u201d.<\/p>\n","protected":false},"excerpt":{"rendered":"<p>Aktori i njohur Reshat Arbana ka reaguar ndaj debatit p\u00ebr ndalimin e filmave t\u00eb prodhuar gjat\u00eb periudh\u00ebs s\u00eb komunizmit. Ai shpreh keqardhje se pse k\u00ebto debate t\u00eb kota merren n\u00eb konsiderat\u00eb n\u00eb vend t\u00eb \u00e7\u00ebshtjeve t\u00eb r\u00ebnd\u00ebsishme p\u00ebr t\u00eb p\u00ebrmir\u00ebsuar gjendjen e vendit. Arbana thekson se shfaqjet televizive pa interes dhe debatet e pavlera jan\u00eb [&hellip;]<\/p>\n","protected":false},"author":5,"featured_media":59472,"comment_status":"closed","ping_status":"open","sticky":false,"template":"","format":"standard","meta":{"footnotes":""},"categories":[1],"tags":[23519,23520],"class_list":{"0":"post-59471","1":"post","2":"type-post","3":"status-publish","4":"format-standard","5":"has-post-thumbnail","7":"category-aktualitet","8":"tag-arbana-po-shohim-ne-tv-emisionesh-te-pavlera","9":"tag-qe-na-tregojne-se-si-te-bejme-seks"},"_links":{"self":[{"href":"https:\/\/jugulajm.net\/index.php?rest_route=\/wp\/v2\/posts\/59471","targetHints":{"allow":["GET"]}}],"collection":[{"href":"https:\/\/jugulajm.net\/index.php?rest_route=\/wp\/v2\/posts"}],"about":[{"href":"https:\/\/jugulajm.net\/index.php?rest_route=\/wp\/v2\/types\/post"}],"author":[{"embeddable":true,"href":"https:\/\/jugulajm.net\/index.php?rest_route=\/wp\/v2\/users\/5"}],"replies":[{"embeddable":true,"href":"https:\/\/jugulajm.net\/index.php?rest_route=%2Fwp%2Fv2%2Fcomments&post=59471"}],"version-history":[{"count":0,"href":"https:\/\/jugulajm.net\/index.php?rest_route=\/wp\/v2\/posts\/59471\/revisions"}],"wp:featuredmedia":[{"embeddable":true,"href":"https:\/\/jugulajm.net\/index.php?rest_route=\/wp\/v2\/media\/59472"}],"wp:attachment":[{"href":"https:\/\/jugulajm.net\/index.php?rest_route=%2Fwp%2Fv2%2Fmedia&parent=59471"}],"wp:term":[{"taxonomy":"category","embeddable":true,"href":"https:\/\/jugulajm.net\/index.php?rest_route=%2Fwp%2Fv2%2Fcategories&post=59471"},{"taxonomy":"post_tag","embeddable":true,"href":"https:\/\/jugulajm.net\/index.php?rest_route=%2Fwp%2Fv2%2Ftags&post=59471"}],"curies":[{"name":"wp","href":"https:\/\/api.w.org\/{rel}","templated":true}]}}