{"id":59461,"date":"2023-05-22T18:12:09","date_gmt":"2023-05-22T16:12:09","guid":{"rendered":"https:\/\/jugulajm.net\/?p=59461"},"modified":"2023-05-31T09:41:55","modified_gmt":"2023-05-31T07:41:55","slug":"video-gazetari-tregon-skemen-e-zhdukjes-se-2-sarandjoteve","status":"publish","type":"post","link":"https:\/\/jugulajm.net\/?p=59461","title":{"rendered":"VIDEO\/ Gazetari tregon skem\u00ebn e zhdukjes s\u00eb 2 sarandjot\u00ebve"},"content":{"rendered":"<p>N\u00eb emisionin Review n\u00eb Euronews Albania, u publikuan k\u00ebt\u00eb t\u00eb shtun\u00eb pamjet ekskluzive t\u00eb makinave ku dyshohet se u transportuan personat e zhdukur n\u00eb Sarand\u00eb.<\/p>\n<p>I ftuar n\u00eb studio gazetari, Ferdinant Dervishi, b\u00ebri nj\u00eb skicim t\u00eb skem\u00ebs si mund t\u00eb ket\u00eb ndodhur rr\u00ebmbimi dhe ekzekutimi i Fatmir Krasniqit dhe Leonard Theodhorit.<\/p>\n<div class=\"td-a-ad id_inline_ad0 id_ad_content-horiz-center\">\n<div class=\"mobile-hide\" align=\"center\">\n<p style=\"text-align: left;\">Dervishi tha se personat mund t\u00eb jen\u00eb rr\u00ebmbyer me vras\u00ebs me pages\u00eb, t\u00eb cil\u00ebt ua kan\u00eb dor\u00ebzuar n\u00eb zon\u00ebn e Xar\u00ebs personave t\u00eb interesuar. Ai shtoi pse pjesa e ekzekutimit mund t\u00eb jet\u00eb kryer nga k\u00ebta t\u00eb fundit diku aty pran\u00eb, por edhe m\u00eb larg.<\/p>\n<\/div>\n<\/div>\n<p>\u201cUn\u00eb po them q\u00eb kjo skem\u00eb duhet t\u00eb ket\u00eb qen\u00eb k\u00ebshtu, me sa kemi t\u00eb dh\u00ebna. Jan\u00eb p\u00ebrdorur vras\u00ebs me pages\u00eb, ose rr\u00ebmbyes me pages\u00eb, t\u00eb cil\u00ebt do t\u00eb b\u00ebnin vet\u00ebm pjes\u00ebn e par\u00eb t\u00eb pun\u00ebs q\u00eb do t\u2019i merrnin nga Saranda dhe t\u2019i \u00e7onin n\u00eb af\u00ebrsi t\u00eb Xar\u00ebs n\u00eb nj\u00eb ambient t\u00eb pa banuar, n\u00eb nj\u00eb depo apo magazin\u00eb. Aty mund t\u2019u jen\u00eb dor\u00ebzuar personave t\u00eb tjer\u00eb. U jan\u00eb dor\u00ebzuar ndoshta aty personave q\u00eb i donin. Se sa kan\u00eb mbetur aty gjall\u00eb k\u00ebt\u00eb nuk e dim\u00eb. Koh\u00eb kan\u00eb pasur boll t\u2019i marrin dhe t\u2019i transportojn\u00eb n\u00eb zona t\u00eb tjera. Vet\u00ebm p\u00ebr shpirtrat e familjar\u00ebve nuk duhet t\u00eb nd\u00ebrpriten k\u00ebrkimet nga polica\u201d, tha Dervishi.<\/p>\n<div class=\"td_block_wrap tdb_single_featured_image tdi_191_b60 tdb-content-horiz-right td-pb-border-top td_block_template_1\" data-td-block-uid=\"tdi_191_b60\">\n<div class=\"tdb-block-inner td-fix-index\">\n<div class=\"wpb_video_wrapper\"><iframe loading=\"lazy\" id=\"widget2\" class=\"td-youtube-player\" title=\"Zhdukja e Sarand\u00ebs\/ Ferdinand Dervishi: P\u00ebr hir\u00eb t\u00eb familjes policia t\u00eb vazhdoj k\u00ebrkimet\" src=\"https:\/\/www.youtube.com\/embed\/4GV92z5EJWk?enablejsapi=1&amp;feature=oembed&amp;wmode=opaque&amp;vq=hd720&amp;&amp;&amp;\" width=\"100%\" height=\"560\" frameborder=\"0\" allowfullscreen=\"allowfullscreen\" data-gtm-yt-inspected-14=\"true\" data-mce-fragment=\"1\"><\/iframe><\/div>\n<\/div>\n<\/div>\n<div class=\"wpb_wrapper wpb_text_column td_block_wrap td_block_wrap vc_column_text tdi_192_303 tagdiv-type td-pb-border-top td_block_template_1\" data-td-block-uid=\"tdi_192_303\">\n<div class=\"td-fix-index\">\n<div class=\"mobile-hide\" align=\"center\">\n<div id=\"beacon_af2b18d4ca\"><\/div>\n<\/div>\n<\/div>\n<\/div>\n","protected":false},"excerpt":{"rendered":"<p>N\u00eb emisionin Review n\u00eb Euronews Albania, u publikuan k\u00ebt\u00eb t\u00eb shtun\u00eb pamjet ekskluzive t\u00eb makinave ku dyshohet se u transportuan personat e zhdukur n\u00eb Sarand\u00eb. I ftuar n\u00eb studio gazetari, Ferdinant Dervishi, b\u00ebri nj\u00eb skicim t\u00eb skem\u00ebs si mund t\u00eb ket\u00eb ndodhur rr\u00ebmbimi dhe ekzekutimi i Fatmir Krasniqit dhe Leonard Theodhorit. Dervishi tha se personat [&hellip;]<\/p>\n","protected":false},"author":5,"featured_media":58343,"comment_status":"closed","ping_status":"open","sticky":false,"template":"","format":"standard","meta":{"footnotes":""},"categories":[1,6332],"tags":[23514],"class_list":{"0":"post-59461","1":"post","2":"type-post","3":"status-publish","4":"format-standard","5":"has-post-thumbnail","7":"category-aktualitet","8":"category-te-fundit","9":"tag-video-gazetari-tregon-skemen-e-zhdukjes-se-2-sarandjoteve"},"_links":{"self":[{"href":"https:\/\/jugulajm.net\/index.php?rest_route=\/wp\/v2\/posts\/59461","targetHints":{"allow":["GET"]}}],"collection":[{"href":"https:\/\/jugulajm.net\/index.php?rest_route=\/wp\/v2\/posts"}],"about":[{"href":"https:\/\/jugulajm.net\/index.php?rest_route=\/wp\/v2\/types\/post"}],"author":[{"embeddable":true,"href":"https:\/\/jugulajm.net\/index.php?rest_route=\/wp\/v2\/users\/5"}],"replies":[{"embeddable":true,"href":"https:\/\/jugulajm.net\/index.php?rest_route=%2Fwp%2Fv2%2Fcomments&post=59461"}],"version-history":[{"count":0,"href":"https:\/\/jugulajm.net\/index.php?rest_route=\/wp\/v2\/posts\/59461\/revisions"}],"wp:featuredmedia":[{"embeddable":true,"href":"https:\/\/jugulajm.net\/index.php?rest_route=\/wp\/v2\/media\/58343"}],"wp:attachment":[{"href":"https:\/\/jugulajm.net\/index.php?rest_route=%2Fwp%2Fv2%2Fmedia&parent=59461"}],"wp:term":[{"taxonomy":"category","embeddable":true,"href":"https:\/\/jugulajm.net\/index.php?rest_route=%2Fwp%2Fv2%2Fcategories&post=59461"},{"taxonomy":"post_tag","embeddable":true,"href":"https:\/\/jugulajm.net\/index.php?rest_route=%2Fwp%2Fv2%2Ftags&post=59461"}],"curies":[{"name":"wp","href":"https:\/\/api.w.org\/{rel}","templated":true}]}}