{"id":59397,"date":"2023-05-21T13:59:03","date_gmt":"2023-05-21T11:59:03","guid":{"rendered":"https:\/\/jugulajm.net\/?p=59397"},"modified":"2023-05-31T09:41:56","modified_gmt":"2023-05-31T07:41:56","slug":"foto-emri-ky-eshte-shqiptari-qe-humbi-jeten-aksidentalisht-ne-itali-teksa-kthehej-ne-shtepi","status":"publish","type":"post","link":"https:\/\/jugulajm.net\/?p=59397","title":{"rendered":"FOTO-EMRI\/ Ky \u00ebsht\u00eb shqiptari q\u00eb humbi jet\u00ebn aksidentalisht n\u00eb Itali, teksa kthehej n\u00eb sht\u00ebpi"},"content":{"rendered":"<p>Nj\u00eb aksident i r\u00ebnd\u00eb \u00ebsht\u00eb regjistruar n\u00eb Castelnuovo di Bergonovo n\u00eb Itali. Nj\u00eb makin\u00eb q\u00eb drejtohej nga nj\u00eb shqiptar, \u00ebsht\u00eb p\u00ebrplasur me nj\u00eb pem\u00eb.<\/p>\n<p>Si pasoj\u00eb e aksidentit, ka humbur jet\u00ebn drejtuesi i mjetit, shoferi, Dritan Mera, 43-vje\u00e7.<\/p>\n<p>Shqiptari pasi kaloi mbr\u00ebmjen me shok\u00ebt n\u00eb nj\u00eb lokal n\u00eb zon\u00eb, kur po kthehej n\u00eb sht\u00ebpi pran\u00eb familjes, ka humbur kontrollin e mjetit dhe ka dal\u00eb nga rruga duke u p\u00ebrplasur me trungun e nj\u00eb peme.<\/p>\n<p>Mera u gjet pa ndjenja n\u00eb timon mes llamarinave t\u00eb shkat\u00ebrruara, teksa trupi i tij pa shenja jete \u00ebsht\u00eb d\u00ebrguar n\u00eb morg p\u00ebr t\u2019iu n\u00ebnshtruar ekspertiz\u00ebs mjeko-ligjore. P\u00ebrplasja rezultoi fatale dhe mjek\u00ebt e kan\u00eb pasur t\u00eb pamundur t\u00eb mbajn\u00eb n\u00eb jet\u00eb shqiptarin.<\/p>\n","protected":false},"excerpt":{"rendered":"<p>Nj\u00eb aksident i r\u00ebnd\u00eb \u00ebsht\u00eb regjistruar n\u00eb Castelnuovo di Bergonovo n\u00eb Itali. Nj\u00eb makin\u00eb q\u00eb drejtohej nga nj\u00eb shqiptar, \u00ebsht\u00eb p\u00ebrplasur me nj\u00eb pem\u00eb. Si pasoj\u00eb e aksidentit, ka humbur jet\u00ebn drejtuesi i mjetit, shoferi, Dritan Mera, 43-vje\u00e7. Shqiptari pasi kaloi mbr\u00ebmjen me shok\u00ebt n\u00eb nj\u00eb lokal n\u00eb zon\u00eb, kur po kthehej n\u00eb sht\u00ebpi pran\u00eb [&hellip;]<\/p>\n","protected":false},"author":5,"featured_media":59398,"comment_status":"closed","ping_status":"open","sticky":false,"template":"","format":"standard","meta":{"footnotes":""},"categories":[1,6332],"tags":[23489,23490],"class_list":{"0":"post-59397","1":"post","2":"type-post","3":"status-publish","4":"format-standard","5":"has-post-thumbnail","7":"category-aktualitet","8":"category-te-fundit","9":"tag-foto-emri-ky-eshte-shqiptari-qe-humbi-jeten-aksidentalisht-ne-itali","10":"tag-teksa-kthehej-ne-shtepi"},"_links":{"self":[{"href":"https:\/\/jugulajm.net\/index.php?rest_route=\/wp\/v2\/posts\/59397","targetHints":{"allow":["GET"]}}],"collection":[{"href":"https:\/\/jugulajm.net\/index.php?rest_route=\/wp\/v2\/posts"}],"about":[{"href":"https:\/\/jugulajm.net\/index.php?rest_route=\/wp\/v2\/types\/post"}],"author":[{"embeddable":true,"href":"https:\/\/jugulajm.net\/index.php?rest_route=\/wp\/v2\/users\/5"}],"replies":[{"embeddable":true,"href":"https:\/\/jugulajm.net\/index.php?rest_route=%2Fwp%2Fv2%2Fcomments&post=59397"}],"version-history":[{"count":0,"href":"https:\/\/jugulajm.net\/index.php?rest_route=\/wp\/v2\/posts\/59397\/revisions"}],"wp:featuredmedia":[{"embeddable":true,"href":"https:\/\/jugulajm.net\/index.php?rest_route=\/wp\/v2\/media\/59398"}],"wp:attachment":[{"href":"https:\/\/jugulajm.net\/index.php?rest_route=%2Fwp%2Fv2%2Fmedia&parent=59397"}],"wp:term":[{"taxonomy":"category","embeddable":true,"href":"https:\/\/jugulajm.net\/index.php?rest_route=%2Fwp%2Fv2%2Fcategories&post=59397"},{"taxonomy":"post_tag","embeddable":true,"href":"https:\/\/jugulajm.net\/index.php?rest_route=%2Fwp%2Fv2%2Ftags&post=59397"}],"curies":[{"name":"wp","href":"https:\/\/api.w.org\/{rel}","templated":true}]}}