{"id":59390,"date":"2023-05-21T13:01:03","date_gmt":"2023-05-21T11:01:03","guid":{"rendered":"https:\/\/jugulajm.net\/?p=59390"},"modified":"2023-05-31T09:41:56","modified_gmt":"2023-05-31T07:41:56","slug":"video-2-sarandjotet-e-zhdukur-miku-i-krasniqit-ku-jane-vrare-te-zhdukurit","status":"publish","type":"post","link":"https:\/\/jugulajm.net\/?p=59390","title":{"rendered":"VIDEO\/ 2 sarandjot\u00ebt e zhdukur, miku i Krasniqit: Ja ku jan\u00eb vrar\u00eb t\u00eb zhdukurit"},"content":{"rendered":"<div class=\"vc_row_inner tdi_178_1cc vc_row vc_inner wpb_row td-pb-row\">\n<div class=\"vc_column_inner tdi_180_b66 title-counter wpb_column vc_column_container tdc-inner-column td-pb-span12\">\n<div class=\"vc_column-inner\">\n<div class=\"wpb_wrapper\">\n<div class=\"wpb_wrapper td_block_wrap td_block_wrap tdb_single_current_post tdi_181_b99 spotim-counter td-pb-border-top spotim-counter td_block_template_1\">\n<div class=\"td-fix-index\">\n<h3 class=\"title-post\"><\/h3>\n<\/div>\n<\/div>\n<\/div>\n<\/div>\n<\/div>\n<\/div>\n<div class=\"td_block_wrap tdb_single_featured_image tdi_191_661 tdb-content-horiz-right td-pb-border-top td_block_template_1\" data-td-block-uid=\"tdi_191_661\">\n<div class=\"tdb-block-inner td-fix-index\">\n<div class=\"wpb_video_wrapper\"><iframe loading=\"lazy\" id=\"widget2\" class=\"td-youtube-player\" title=\"Miku i t\u00eb zhdukurve: Pse u \u00ebsht\u00eb dashur furgoni i bardh\u00eb, jan\u00eb kthyer me targa t\u00eb nd\u00ebrruara\" src=\"https:\/\/www.youtube.com\/embed\/3camiBEL9SI?enablejsapi=1&amp;feature=oembed&amp;wmode=opaque&amp;vq=hd720&amp;&amp;&amp;\" width=\"100%\" height=\"560\" frameborder=\"0\" allowfullscreen=\"allowfullscreen\" data-gtm-yt-inspected-15=\"true\" data-gtm-yt-inspected-8=\"true\" data-mce-fragment=\"1\"><\/iframe><\/div>\n<\/div>\n<\/div>\n<div class=\"wpb_wrapper wpb_text_column td_block_wrap td_block_wrap vc_column_text tdi_192_68f tagdiv-type td-pb-border-top td_block_template_1\" data-td-block-uid=\"tdi_192_68f\">\n<div class=\"td-fix-index\">\n<div class=\"desktop-hide\" align=\"center\">\n<div id=\"beacon_083b1c253f\"><\/div>\n<\/div>\n<\/div>\n<\/div>\n<div class=\"vc_row_inner tdi_194_f6c zmadhim-teksti vc_row vc_inner wpb_row td-pb-row\">\n<div class=\"vc_column_inner tdi_202_449 wpb_column vc_column_container tdc-inner-column td-pb-span9\">\n<div class=\"vc_column-inner\">\n<div class=\"wpb_wrapper\">\n<div class=\"td_block_wrap tdb_single_content tdi_204_666 td-pb-border-top td_block_template_1 td-post-content tagdiv-type\" data-td-block-uid=\"tdi_204_666\">\n<div class=\"tdb-block-inner td-fix-index\">\n<p>Altin Gjini, miku i Fatmir Sulovari, nj\u00eb prej dy personave t\u00eb zhdukur n\u00eb Sarand\u00eb zbuloi n\u00eb studion e Euronews Albania pamjet ekskluzive t\u00eb mjetit t\u00eb fundit ku \u00ebsht\u00eb par\u00eb miku i tij.<\/p>\n<p>Nga pamjet shihet n\u00eb nj\u00eb pik\u00eb karburanti n\u00eb Qaf\u00eb Gjasht\u00ebs, af\u00ebr Sarand\u00ebs, nj\u00eb mjet tip Benz, i cili ndjek nj\u00eb furgon.<\/p>\n<p>N\u00eb sediljen e par\u00eb t\u00eb Benzit shihet Fatmir Krasniqi, i cili duket i qet\u00eb. N\u00eb t\u00eb nj\u00ebjt\u00ebn pik\u00eb karburanti, shihen pas nj\u00eb ore e 10 minuta p\u00ebrs\u00ebri t\u00eb dy mjetet, por me ndryshimin se mjetit Benz i jan\u00eb ndryshuar targat dhe i jan\u00eb vendosur targa greke.<\/p>\n<p>Gjini tha se nga k\u00ebrkimet e tyre private dyshohet se Fatmir Sulovari alias Krasniqi, si dhe Leonard Theodhori jan\u00eb vrar\u00eb n\u00eb Xar\u00eb dhe trupat jan\u00eb futur n\u00eb furgon p\u00ebr t\u00eb mos l\u00ebn\u00eb shenja ADN-je.<\/p>\n<p>\u201cMiqt\u00eb t\u00eb Ko\u00e7oles dyshojn\u00eb se vendi ku mund t\u00eb ket\u00eb ndodhur ekzekutimi i dy djemve \u00ebsht\u00eb Xara. E kam b\u00ebr\u00eb at\u00eb rrug\u00eb vet\u00eb me ecjen normale t\u00eb nj\u00eb shoferi, koha e bollshme e nj\u00eb shoferi \u00ebsht\u00eb nj\u00eb ore e gjysm\u00eb. At\u00ebher\u00eb pyetja \u00ebsht\u00eb pse u \u00ebsht\u00eb dashur ky furgoni i bardh\u00eb. N\u00ebse n\u00eb Xar\u00eb ka ndodhur nj\u00eb ekzekutim i vetmi mjet q\u00eb mund t\u00eb mbaj\u00eb dy trupa dhe mund t\u00eb pastrohet kollaj, q\u00eb \u00ebsht\u00eb vet\u00ebm llamarin\u00eb, \u00ebsht\u00eb vet\u00ebm nj\u00eb furgon i hapur, askush tjet\u00ebr. \u00c7do mjet tjet\u00ebr me sedilje me rrob\u00eb l\u00eb gjurm\u00eb ADN-je\u201d, tha Gjini.<\/p>\n<\/div>\n<\/div>\n<\/div>\n<\/div>\n<\/div>\n<\/div>\n","protected":false},"excerpt":{"rendered":"<p>Altin Gjini, miku i Fatmir Sulovari, nj\u00eb prej dy personave t\u00eb zhdukur n\u00eb Sarand\u00eb zbuloi n\u00eb studion e Euronews Albania pamjet ekskluzive t\u00eb mjetit t\u00eb fundit ku \u00ebsht\u00eb par\u00eb miku i tij. Nga pamjet shihet n\u00eb nj\u00eb pik\u00eb karburanti n\u00eb Qaf\u00eb Gjasht\u00ebs, af\u00ebr Sarand\u00ebs, nj\u00eb mjet tip Benz, i cili ndjek nj\u00eb furgon. N\u00eb sediljen [&hellip;]<\/p>\n","protected":false},"author":5,"featured_media":59391,"comment_status":"closed","ping_status":"open","sticky":false,"template":"","format":"standard","meta":{"footnotes":""},"categories":[1,6332],"tags":[23488,23486],"class_list":{"0":"post-59390","1":"post","2":"type-post","3":"status-publish","4":"format-standard","5":"has-post-thumbnail","7":"category-aktualitet","8":"category-te-fundit","9":"tag-miku-i-krasniqit-ja-ku-jane-vrare-te-zhdukurit","10":"tag-video-2-sarandjotet-e-zhdukur"},"_links":{"self":[{"href":"https:\/\/jugulajm.net\/index.php?rest_route=\/wp\/v2\/posts\/59390","targetHints":{"allow":["GET"]}}],"collection":[{"href":"https:\/\/jugulajm.net\/index.php?rest_route=\/wp\/v2\/posts"}],"about":[{"href":"https:\/\/jugulajm.net\/index.php?rest_route=\/wp\/v2\/types\/post"}],"author":[{"embeddable":true,"href":"https:\/\/jugulajm.net\/index.php?rest_route=\/wp\/v2\/users\/5"}],"replies":[{"embeddable":true,"href":"https:\/\/jugulajm.net\/index.php?rest_route=%2Fwp%2Fv2%2Fcomments&post=59390"}],"version-history":[{"count":0,"href":"https:\/\/jugulajm.net\/index.php?rest_route=\/wp\/v2\/posts\/59390\/revisions"}],"wp:featuredmedia":[{"embeddable":true,"href":"https:\/\/jugulajm.net\/index.php?rest_route=\/wp\/v2\/media\/59391"}],"wp:attachment":[{"href":"https:\/\/jugulajm.net\/index.php?rest_route=%2Fwp%2Fv2%2Fmedia&parent=59390"}],"wp:term":[{"taxonomy":"category","embeddable":true,"href":"https:\/\/jugulajm.net\/index.php?rest_route=%2Fwp%2Fv2%2Fcategories&post=59390"},{"taxonomy":"post_tag","embeddable":true,"href":"https:\/\/jugulajm.net\/index.php?rest_route=%2Fwp%2Fv2%2Ftags&post=59390"}],"curies":[{"name":"wp","href":"https:\/\/api.w.org\/{rel}","templated":true}]}}