{"id":59262,"date":"2023-05-18T09:25:21","date_gmt":"2023-05-18T07:25:21","guid":{"rendered":"https:\/\/jugulajm.net\/?p=59262"},"modified":"2023-05-31T09:41:59","modified_gmt":"2023-05-31T07:41:59","slug":"ja-kush-eshte-58-vjecari-qe-vrau-me-sepate-kunaten-me-thoshte-impotent-dhe","status":"publish","type":"post","link":"https:\/\/jugulajm.net\/?p=59262","title":{"rendered":"Ja kush \u00ebsht\u00eb 58-vje\u00e7ari q\u00eb vrau me s\u00ebpat\u00eb kunat\u00ebn: M\u00eb thoshte impotent dhe&#8230;"},"content":{"rendered":"<p>Personi n\u00eb foto \u00ebsht\u00eb Tafik Tashi, q\u00eb vrau me s\u00ebpat\u00eb Alma Qevani, kunat\u00ebn e tij.<\/p>\n<p>Krimi i r\u00ebnd\u00eb ndodhi mesdit\u00ebn e s\u00eb m\u00ebrkur\u00ebs (17 maj) n\u00eb fshatin Kusarth t\u00eb Elbasanit.<\/p>\n<p>Viktima ishte s\u00eb bashku me t\u00eb motr\u00ebn kur kunati e goditi p\u00ebr vdekje me s\u00ebpat\u00eb.<\/p>\n<p>N\u00eb d\u00ebshmin\u00eb para hetuesve ai ka deklaruar se e vrau kunat\u00ebn pasi ajo nuk lejonte t\u00eb motr\u00ebn t\u00eb shkonte n\u00eb sht\u00ebpin\u00eb e tij.<\/p>\n<p>Kjo ka qen\u00eb edhe pik\u00ebnisja e konfliktit q\u00eb p\u00ebrfundoi tragjikisht.<\/p>\n<p>Para hetuesve Tafik Tashi ka pohuar gjithashtu se motra e bashk\u00ebshortes e ofendonte dhe koh\u00ebt e fundit i ka th\u00ebn\u00eb \u201cje impotent\u201d.<\/p>\n","protected":false},"excerpt":{"rendered":"<p>Personi n\u00eb foto \u00ebsht\u00eb Tafik Tashi, q\u00eb vrau me s\u00ebpat\u00eb Alma Qevani, kunat\u00ebn e tij. Krimi i r\u00ebnd\u00eb ndodhi mesdit\u00ebn e s\u00eb m\u00ebrkur\u00ebs (17 maj) n\u00eb fshatin Kusarth t\u00eb Elbasanit. Viktima ishte s\u00eb bashku me t\u00eb motr\u00ebn kur kunati e goditi p\u00ebr vdekje me s\u00ebpat\u00eb. N\u00eb d\u00ebshmin\u00eb para hetuesve ai ka deklaruar se e vrau [&hellip;]<\/p>\n","protected":false},"author":5,"featured_media":59263,"comment_status":"closed","ping_status":"open","sticky":false,"template":"","format":"standard","meta":{"footnotes":""},"categories":[1,6332],"tags":[23421],"class_list":{"0":"post-59262","1":"post","2":"type-post","3":"status-publish","4":"format-standard","5":"has-post-thumbnail","7":"category-aktualitet","8":"category-te-fundit","9":"tag-ja-kush-eshte-58-vjecari-qe-vrau-me-sepate-kunaten-me-thoshte-impotent-dhe"},"_links":{"self":[{"href":"https:\/\/jugulajm.net\/index.php?rest_route=\/wp\/v2\/posts\/59262","targetHints":{"allow":["GET"]}}],"collection":[{"href":"https:\/\/jugulajm.net\/index.php?rest_route=\/wp\/v2\/posts"}],"about":[{"href":"https:\/\/jugulajm.net\/index.php?rest_route=\/wp\/v2\/types\/post"}],"author":[{"embeddable":true,"href":"https:\/\/jugulajm.net\/index.php?rest_route=\/wp\/v2\/users\/5"}],"replies":[{"embeddable":true,"href":"https:\/\/jugulajm.net\/index.php?rest_route=%2Fwp%2Fv2%2Fcomments&post=59262"}],"version-history":[{"count":0,"href":"https:\/\/jugulajm.net\/index.php?rest_route=\/wp\/v2\/posts\/59262\/revisions"}],"wp:featuredmedia":[{"embeddable":true,"href":"https:\/\/jugulajm.net\/index.php?rest_route=\/wp\/v2\/media\/59263"}],"wp:attachment":[{"href":"https:\/\/jugulajm.net\/index.php?rest_route=%2Fwp%2Fv2%2Fmedia&parent=59262"}],"wp:term":[{"taxonomy":"category","embeddable":true,"href":"https:\/\/jugulajm.net\/index.php?rest_route=%2Fwp%2Fv2%2Fcategories&post=59262"},{"taxonomy":"post_tag","embeddable":true,"href":"https:\/\/jugulajm.net\/index.php?rest_route=%2Fwp%2Fv2%2Ftags&post=59262"}],"curies":[{"name":"wp","href":"https:\/\/api.w.org\/{rel}","templated":true}]}}