{"id":59245,"date":"2023-05-17T18:01:27","date_gmt":"2023-05-17T16:01:27","guid":{"rendered":"https:\/\/jugulajm.net\/?p=59245"},"modified":"2023-05-31T09:41:59","modified_gmt":"2023-05-31T07:41:59","slug":"video-i-vrau-motren-me-sepate-flet-gruaja-e-vrasesit-u-nxeh-se-nuk-i-hapi","status":"publish","type":"post","link":"https:\/\/jugulajm.net\/?p=59245","title":{"rendered":"VIDEO\/ I vrau motr\u00ebn me s\u00ebpat\u00eb, flet gruaja e vras\u00ebsit: U nxeh se nuk i hapi&#8230;"},"content":{"rendered":"<p>Nj\u00eb ngjarje e r\u00ebnd\u00eb brenda familjes tronditi dit\u00ebn e sotme Elbasanin dhe mbar\u00eb vendin.<\/p>\n<p>58-vje\u00e7ari,\u00a0<strong>Tefik Tashi<\/strong>, vrau me s\u00ebpat\u00eb kunat\u00ebn e tij, 44-vje\u00e7aren,\u00a0<strong>Alma Qevanin<\/strong>. Ngjarja makab\u00ebr ndodhi n\u00eb fshatin Kusarth t\u00eb Elbasanit.<\/p>\n<p>Bashk\u00ebshortja e 58-vje\u00e7arit, Tefik Tashit, q\u00eb i vrau me s\u00ebpat\u00eb motr\u00ebn e saj, Alma Qevanin, thot\u00eb se z\u00ebnka ka lindur p\u00ebr motive t\u00eb dob\u00ebta se \u201cpse kunata nuk i hapi telefonin\u201d e m\u00eb pas konflikti ka degraduar deri n\u00eb p\u00ebrdorimin e s\u00ebpat\u00ebs.<\/p>\n<p>Ajo thot\u00eb se k\u00ebrkon q\u00eb drejt\u00ebsia t\u00eb vihet n\u00eb vend p\u00ebr vrasjen e motr\u00ebs dhe se bashk\u00ebshortit t\u00eb saj t\u2019i jepet d\u00ebnimi q\u00eb meriton.<\/p>\n<p><iframe loading=\"lazy\" class=\"entered litespeed-loaded\" title=\"YouTube video player\" src=\"https:\/\/www.youtube.com\/embed\/KDhwRmjjjYY\" width=\"560\" height=\"315\" frameborder=\"0\" allowfullscreen=\"allowfullscreen\" data-lazyloaded=\"1\" data-src=\"https:\/\/www.youtube.com\/embed\/KDhwRmjjjYY\" data-ll-status=\"loaded\" data-mce-fragment=\"1\"><\/iframe><\/p>\n","protected":false},"excerpt":{"rendered":"<p>Nj\u00eb ngjarje e r\u00ebnd\u00eb brenda familjes tronditi dit\u00ebn e sotme Elbasanin dhe mbar\u00eb vendin. 58-vje\u00e7ari,\u00a0Tefik Tashi, vrau me s\u00ebpat\u00eb kunat\u00ebn e tij, 44-vje\u00e7aren,\u00a0Alma Qevanin. Ngjarja makab\u00ebr ndodhi n\u00eb fshatin Kusarth t\u00eb Elbasanit. Bashk\u00ebshortja e 58-vje\u00e7arit, Tefik Tashit, q\u00eb i vrau me s\u00ebpat\u00eb motr\u00ebn e saj, Alma Qevanin, thot\u00eb se z\u00ebnka ka lindur p\u00ebr motive t\u00eb [&hellip;]<\/p>\n","protected":false},"author":5,"featured_media":59246,"comment_status":"closed","ping_status":"open","sticky":false,"template":"","format":"standard","meta":{"footnotes":""},"categories":[1,6332],"tags":[23412,23411],"class_list":{"0":"post-59245","1":"post","2":"type-post","3":"status-publish","4":"format-standard","5":"has-post-thumbnail","7":"category-aktualitet","8":"category-te-fundit","9":"tag-flet-gruaja-e-vrasesit-u-nxeh-se-nuk-i-hapi","10":"tag-video-i-vrau-motren-me-sepate"},"_links":{"self":[{"href":"https:\/\/jugulajm.net\/index.php?rest_route=\/wp\/v2\/posts\/59245","targetHints":{"allow":["GET"]}}],"collection":[{"href":"https:\/\/jugulajm.net\/index.php?rest_route=\/wp\/v2\/posts"}],"about":[{"href":"https:\/\/jugulajm.net\/index.php?rest_route=\/wp\/v2\/types\/post"}],"author":[{"embeddable":true,"href":"https:\/\/jugulajm.net\/index.php?rest_route=\/wp\/v2\/users\/5"}],"replies":[{"embeddable":true,"href":"https:\/\/jugulajm.net\/index.php?rest_route=%2Fwp%2Fv2%2Fcomments&post=59245"}],"version-history":[{"count":0,"href":"https:\/\/jugulajm.net\/index.php?rest_route=\/wp\/v2\/posts\/59245\/revisions"}],"wp:featuredmedia":[{"embeddable":true,"href":"https:\/\/jugulajm.net\/index.php?rest_route=\/wp\/v2\/media\/59246"}],"wp:attachment":[{"href":"https:\/\/jugulajm.net\/index.php?rest_route=%2Fwp%2Fv2%2Fmedia&parent=59245"}],"wp:term":[{"taxonomy":"category","embeddable":true,"href":"https:\/\/jugulajm.net\/index.php?rest_route=%2Fwp%2Fv2%2Fcategories&post=59245"},{"taxonomy":"post_tag","embeddable":true,"href":"https:\/\/jugulajm.net\/index.php?rest_route=%2Fwp%2Fv2%2Ftags&post=59245"}],"curies":[{"name":"wp","href":"https:\/\/api.w.org\/{rel}","templated":true}]}}