{"id":59218,"date":"2023-05-17T09:34:31","date_gmt":"2023-05-17T07:34:31","guid":{"rendered":"https:\/\/jugulajm.net\/?p=59218"},"modified":"2023-05-31T09:42:00","modified_gmt":"2023-05-31T07:42:00","slug":"lajm-i-fundit-vrasja-me-thike-e-nxenesit-15-vjecar-prangosen-arrestohen-kater-adoleshente","status":"publish","type":"post","link":"https:\/\/jugulajm.net\/?p=59218","title":{"rendered":"LAJM I FUNDIT\/ Vrasja me thik\u00eb e nx\u00ebn\u00ebsit 15-vje\u00e7ar, prangosen arrestohen kat\u00ebr adoleshent\u00eb"},"content":{"rendered":"<p>Policia e Elbasanit njofton arrestimin e kat\u00ebr adoleshent\u00ebve t\u00eb akuzuar p\u00ebr vrasjen e Fatjon Bicit 16 vje\u00e7 dhe plagosjen e kush\u00ebririt t\u00eb tij Marko Li\u00e7i 15 vje\u00e7 pran\u00eb shkoll\u00ebs 9-vje\u00e7are \u201cAsllan Shahini\u201d n\u00eb Gramsh.<\/p>\n<p>Specialist\u00ebt p\u00ebr Hetimin e Krimeve ndaj Personit, Pasuris\u00eb t\u00eb miturve dhe Dhun\u00ebs n\u00eb Familje t\u00eb DVP Elbasan, n\u00eb vijim t\u00eb hetimeve t\u00eb kryera n\u00eb drejtimin e Prokuroris\u00eb, kan\u00eb b\u00ebr\u00eb arrestimin n\u00eb flagranc\u00eb t\u00eb shtetasve Xh. \u00c7., 15 vje\u00e7, O. \u00c7, 14 vje\u00e7, E. K., 15 vje\u00e7 dhe S. M., 16 vje\u00e7.<\/p>\n<p>M\u00eb dat\u00eb 16.05.2023, rreth or\u00ebs 13:30, k\u00ebta shtetas, dyshohet se n\u00eb bashk\u00ebpunim me nj\u00ebri-tjetrin, pas nj\u00eb konflikti t\u00eb \u00e7astit, n\u00eb lagjen \u201cSporti 2\u201d, Gramsh, n\u00eb rrug\u00eb, kan\u00eb plagosur me mjete prer\u00ebse (thika), shtetasit e mitur Fatjon Bici, 16 vje\u00e7 dhe Marko Li\u00e7i, 15 vje\u00e7.<\/p>\n<p>Nga d\u00ebmtimet e marra, shtetasi Fatjon Bici ka humbur jet\u00ebn, nd\u00ebrsa shtetasi Mark Li\u00e7i vijon t\u00eb jet\u00eb n\u00eb kujdesin e mjek\u00ebve, jasht\u00eb rrezikut p\u00ebr jet\u00ebn.<\/p>\n<p>N\u00eb cil\u00ebsin\u00eb e prov\u00ebs materiale u sekuestruan tre mjete prer\u00ebs (thika), 2 p\u00ebrforcues grushti dhe 5 celular\u00eb.<\/p>\n<p>Materialet procedurale i kaluan Prokuroris\u00eb pran\u00eb Gjykat\u00ebs s\u00eb Shkall\u00ebs s\u00eb Par\u00eb t\u00eb Juridiksionit t\u00eb P\u00ebrgjithsh\u00ebm Elbasan, p\u00ebr veprime t\u00eb m\u00ebtejshme.<\/p>\n<p><img decoding=\"async\" src=\"https:\/\/top-channel.tv\/wp-content\/uploads\/2023\/05\/WhatsApp-Image-2023-05-16-at-14.37.46-1.jpeg\" \/><\/p>\n","protected":false},"excerpt":{"rendered":"<p>Policia e Elbasanit njofton arrestimin e kat\u00ebr adoleshent\u00ebve t\u00eb akuzuar p\u00ebr vrasjen e Fatjon Bicit 16 vje\u00e7 dhe plagosjen e kush\u00ebririt t\u00eb tij Marko Li\u00e7i 15 vje\u00e7 pran\u00eb shkoll\u00ebs 9-vje\u00e7are \u201cAsllan Shahini\u201d n\u00eb Gramsh. Specialist\u00ebt p\u00ebr Hetimin e Krimeve ndaj Personit, Pasuris\u00eb t\u00eb miturve dhe Dhun\u00ebs n\u00eb Familje t\u00eb DVP Elbasan, n\u00eb vijim t\u00eb hetimeve [&hellip;]<\/p>\n","protected":false},"author":5,"featured_media":51533,"comment_status":"closed","ping_status":"open","sticky":false,"template":"","format":"standard","meta":{"footnotes":""},"categories":[1,6332],"tags":[23398,23399],"class_list":{"0":"post-59218","1":"post","2":"type-post","3":"status-publish","4":"format-standard","5":"has-post-thumbnail","7":"category-aktualitet","8":"category-te-fundit","9":"tag-lajm-i-fundit-vrasja-me-thike-e-nxenesit-15-vjecar","10":"tag-prangosen-arrestohen-kater-adoleshente"},"_links":{"self":[{"href":"https:\/\/jugulajm.net\/index.php?rest_route=\/wp\/v2\/posts\/59218","targetHints":{"allow":["GET"]}}],"collection":[{"href":"https:\/\/jugulajm.net\/index.php?rest_route=\/wp\/v2\/posts"}],"about":[{"href":"https:\/\/jugulajm.net\/index.php?rest_route=\/wp\/v2\/types\/post"}],"author":[{"embeddable":true,"href":"https:\/\/jugulajm.net\/index.php?rest_route=\/wp\/v2\/users\/5"}],"replies":[{"embeddable":true,"href":"https:\/\/jugulajm.net\/index.php?rest_route=%2Fwp%2Fv2%2Fcomments&post=59218"}],"version-history":[{"count":0,"href":"https:\/\/jugulajm.net\/index.php?rest_route=\/wp\/v2\/posts\/59218\/revisions"}],"wp:featuredmedia":[{"embeddable":true,"href":"https:\/\/jugulajm.net\/index.php?rest_route=\/wp\/v2\/media\/51533"}],"wp:attachment":[{"href":"https:\/\/jugulajm.net\/index.php?rest_route=%2Fwp%2Fv2%2Fmedia&parent=59218"}],"wp:term":[{"taxonomy":"category","embeddable":true,"href":"https:\/\/jugulajm.net\/index.php?rest_route=%2Fwp%2Fv2%2Fcategories&post=59218"},{"taxonomy":"post_tag","embeddable":true,"href":"https:\/\/jugulajm.net\/index.php?rest_route=%2Fwp%2Fv2%2Ftags&post=59218"}],"curies":[{"name":"wp","href":"https:\/\/api.w.org\/{rel}","templated":true}]}}