{"id":59165,"date":"2023-05-15T15:43:02","date_gmt":"2023-05-15T13:43:02","guid":{"rendered":"https:\/\/jugulajm.net\/?p=59165"},"modified":"2023-05-31T09:42:01","modified_gmt":"2023-05-31T07:42:01","slug":"mitsotakis-reagon-pas-fitores-se-belerit","status":"publish","type":"post","link":"https:\/\/jugulajm.net\/?p=59165","title":{"rendered":"Mitsotakis reagon pas fitores s\u00eb Belerit"},"content":{"rendered":"<p>Kryeministri grek Kyriakos Mitsotakis\u00a0ka reaguar p\u00ebr fitoren e Fredi Belerit nga koalicioni \u2018Bashk\u00eb Fitojm\u00eb\u2019, i cili fitoi Bashkin\u00eb e Himar\u00ebs dhe pse ndodhet n\u00eb qeli.<\/p>\n<p>Sipas mediave greke kryeministri grek ka theksuar se rruga e Shqip\u00ebris\u00eb drejt Europ\u00ebs kalon p\u00ebrmes respektimit t\u00eb t\u00eb drejtave t\u00eb pakic\u00ebs komb\u00ebtare greke.<\/p>\n<div class=\"td-a-ad id_inline_ad0 id_ad_content-horiz-center\">\n<div class=\"mobile-hide\" align=\"center\">\n<p style=\"text-align: left;\">\u201cIsha ve\u00e7an\u00ebrisht i lumtur kur u informova se Fredi Beleri ia doli dhe u zgjodh kryetar komune n\u00eb Himar\u00eb me nj\u00eb diferenc\u00eb t\u00eb vog\u00ebl. Dhe uroj dhe shpresoj q\u00eb kjo aventur\u00eb t\u00eb marr\u00eb fund s\u00eb shpejti\u201d, tha ai, duke theksuar se \u201crruga e Shqip\u00ebris\u00eb drejt Europ\u00ebs kalon p\u00ebrmes respektimit t\u00eb t\u00eb drejtave t\u00eb pakic\u00ebs komb\u00ebtare greke\u201d.<\/p>\n<\/div>\n<\/div>\n<p>Kryeministri grek komentoi dhe marr\u00ebdh\u00ebniet mes Greqis\u00eb me\u00a0Turqin\u00eb.<\/p>\n<p>Kandidati i koalicionit \u201cBashk\u00eb Fitojm\u00eb\u201d Fredi Beleri ka fituar zgjedhjet n\u00eb Bashkin\u00eb e Himar\u00ebs.<\/p>\n<p>Gara mes kandidatit socialsit Jorgo Goro dhe Belerit ishte tep\u00ebr e ngusht\u00eb.<\/p>\n<p>Fredi Beleri, u arrestua m\u00ebngjesin e 12 majit me urdh\u00ebr t\u00eb Prokuroris\u00eb s\u00eb Vlor\u00ebs me akuz\u00ebn e \u2018korrupsionit aktiv n\u00eb zgjedhjet\u2019, pra p\u00ebr blerje t\u00eb votave.<\/p>\n<p>Ai u ndalua nga policia mbr\u00ebm\u00eb n\u00eb mesnat\u00eb, bashk\u00eb me 3 t\u00eb tjer\u00eb, nd\u00ebrkoh\u00eb q\u00eb ishte prej dit\u00ebsh n\u00eb hetim.<\/p>\n<p>Tani pritet procesi gjyq\u00ebsor p\u00ebr Belerin n\u00ebse ky i fundit do t\u00eb ulet n\u00eb karrigen e kryetarit t\u00eb Bashkis\u00eb s\u00eb Himar\u00ebs\u00a0 apo n\u00eb k\u00ebt\u00eb Bashki do t\u00eb zhvillohen s\u00ebrish zgjedhje t\u00eb tjera.<\/p>\n","protected":false},"excerpt":{"rendered":"<p>Kryeministri grek Kyriakos Mitsotakis\u00a0ka reaguar p\u00ebr fitoren e Fredi Belerit nga koalicioni \u2018Bashk\u00eb Fitojm\u00eb\u2019, i cili fitoi Bashkin\u00eb e Himar\u00ebs dhe pse ndodhet n\u00eb qeli. Sipas mediave greke kryeministri grek ka theksuar se rruga e Shqip\u00ebris\u00eb drejt Europ\u00ebs kalon p\u00ebrmes respektimit t\u00eb t\u00eb drejtave t\u00eb pakic\u00ebs komb\u00ebtare greke. \u201cIsha ve\u00e7an\u00ebrisht i lumtur kur u informova [&hellip;]<\/p>\n","protected":false},"author":5,"featured_media":59059,"comment_status":"closed","ping_status":"open","sticky":false,"template":"","format":"standard","meta":{"footnotes":""},"categories":[1,6332],"tags":[23374],"class_list":{"0":"post-59165","1":"post","2":"type-post","3":"status-publish","4":"format-standard","5":"has-post-thumbnail","7":"category-aktualitet","8":"category-te-fundit","9":"tag-mitsotakis-reagon-pas-fitores-se-belerit"},"_links":{"self":[{"href":"https:\/\/jugulajm.net\/index.php?rest_route=\/wp\/v2\/posts\/59165","targetHints":{"allow":["GET"]}}],"collection":[{"href":"https:\/\/jugulajm.net\/index.php?rest_route=\/wp\/v2\/posts"}],"about":[{"href":"https:\/\/jugulajm.net\/index.php?rest_route=\/wp\/v2\/types\/post"}],"author":[{"embeddable":true,"href":"https:\/\/jugulajm.net\/index.php?rest_route=\/wp\/v2\/users\/5"}],"replies":[{"embeddable":true,"href":"https:\/\/jugulajm.net\/index.php?rest_route=%2Fwp%2Fv2%2Fcomments&post=59165"}],"version-history":[{"count":0,"href":"https:\/\/jugulajm.net\/index.php?rest_route=\/wp\/v2\/posts\/59165\/revisions"}],"wp:featuredmedia":[{"embeddable":true,"href":"https:\/\/jugulajm.net\/index.php?rest_route=\/wp\/v2\/media\/59059"}],"wp:attachment":[{"href":"https:\/\/jugulajm.net\/index.php?rest_route=%2Fwp%2Fv2%2Fmedia&parent=59165"}],"wp:term":[{"taxonomy":"category","embeddable":true,"href":"https:\/\/jugulajm.net\/index.php?rest_route=%2Fwp%2Fv2%2Fcategories&post=59165"},{"taxonomy":"post_tag","embeddable":true,"href":"https:\/\/jugulajm.net\/index.php?rest_route=%2Fwp%2Fv2%2Ftags&post=59165"}],"curies":[{"name":"wp","href":"https:\/\/api.w.org\/{rel}","templated":true}]}}