{"id":59161,"date":"2023-05-15T13:49:13","date_gmt":"2023-05-15T11:49:13","guid":{"rendered":"https:\/\/jugulajm.net\/?p=59161"},"modified":"2023-05-31T09:42:01","modified_gmt":"2023-05-31T07:42:01","slug":"fitoi-bashkine-nga-burgu-reagon-beleri","status":"publish","type":"post","link":"https:\/\/jugulajm.net\/?p=59161","title":{"rendered":"Fitoi bashkin\u00eb nga burgu, reagon Beleri&#8230;"},"content":{"rendered":"<p>Fredi Beleri ka d\u00ebrguar ka reaguar nga burgu n\u00eb lidhje me rezultatin q\u00eb e shpalli fitues me 19 vota diferenc\u00eb nga rivali i tij Gjergji Goro.<\/p>\n<p>P\u00ebrmes nj\u00eb postimi n\u00eb fb, Beleri e quan rezultatin nj\u00eb fitore t\u00eb demokracis\u00eb dhe falenderon mb\u00ebshtet\u00ebsit e tij p\u00ebr burr\u00ebrin\u00eb q\u00eb treguan.<\/p>\n<p><strong>Ja reagimi i Belerit:<\/strong><\/p>\n<div id=\"main\" class=\"clearfix\">\n<div id=\"container\" class=\"clearfix\">\n<div id=\"content\" class=\"float-left\">\n<article id=\"post-824014\" class=\"single-layout clearfix post-824014 post type-post status-publish format-standard has-post-thumbnail hentry category-te-gjitha category-lajme category-te-fundit tag-bashkia tag-burgu tag-fredi-beleri tag-himare tag-mesazh\">\n<div class=\"entry-content\">\n<p><em>Demokracia fitoi! Himara fitoi! Mir\u00ebnjoh\u00ebs p\u00ebr t\u00eb gjith\u00eb ata q\u00eb treguan burr\u00ebri. I mir\u00ebkuptoj t\u00eb gjith\u00eb ata q\u00eb terrorrizmi u mundua ti n\u00ebnshtroj\u00eb. Sot nuk ka humb\u00ebs dhe fitues, jan\u00eb t\u00eb gjith\u00eb qytetar\u00eb t\u00eb Himar\u00ebs dhe un\u00eb Kryebashkiaku i tyre dhe si i pari mes t\u00eb barabart\u00ebve do t\u00eb do t\u00eb p\u00ebrparojm\u00eb s\u00eb bashku q\u00eb t\u00eb b\u00ebhemi akoma m\u00eb t\u00eb fort\u00eb n\u00eb mbrojtje t\u00eb demokracis\u00eb dhe t\u00eb Drejtave t\u00eb Njeriut!<\/em><\/p>\n<\/div>\n<\/article>\n<\/div>\n<\/div>\n<\/div>\n","protected":false},"excerpt":{"rendered":"<p>Fredi Beleri ka d\u00ebrguar ka reaguar nga burgu n\u00eb lidhje me rezultatin q\u00eb e shpalli fitues me 19 vota diferenc\u00eb nga rivali i tij Gjergji Goro. P\u00ebrmes nj\u00eb postimi n\u00eb fb, Beleri e quan rezultatin nj\u00eb fitore t\u00eb demokracis\u00eb dhe falenderon mb\u00ebshtet\u00ebsit e tij p\u00ebr burr\u00ebrin\u00eb q\u00eb treguan. Ja reagimi i Belerit: Demokracia fitoi! Himara [&hellip;]<\/p>\n","protected":false},"author":5,"featured_media":59032,"comment_status":"closed","ping_status":"open","sticky":false,"template":"","format":"standard","meta":{"footnotes":""},"categories":[1,6332],"tags":[23369,23370],"class_list":{"0":"post-59161","1":"post","2":"type-post","3":"status-publish","4":"format-standard","5":"has-post-thumbnail","7":"category-aktualitet","8":"category-te-fundit","9":"tag-fitoi-bashkine-nga-burgu","10":"tag-reagon-beleri"},"_links":{"self":[{"href":"https:\/\/jugulajm.net\/index.php?rest_route=\/wp\/v2\/posts\/59161","targetHints":{"allow":["GET"]}}],"collection":[{"href":"https:\/\/jugulajm.net\/index.php?rest_route=\/wp\/v2\/posts"}],"about":[{"href":"https:\/\/jugulajm.net\/index.php?rest_route=\/wp\/v2\/types\/post"}],"author":[{"embeddable":true,"href":"https:\/\/jugulajm.net\/index.php?rest_route=\/wp\/v2\/users\/5"}],"replies":[{"embeddable":true,"href":"https:\/\/jugulajm.net\/index.php?rest_route=%2Fwp%2Fv2%2Fcomments&post=59161"}],"version-history":[{"count":0,"href":"https:\/\/jugulajm.net\/index.php?rest_route=\/wp\/v2\/posts\/59161\/revisions"}],"wp:featuredmedia":[{"embeddable":true,"href":"https:\/\/jugulajm.net\/index.php?rest_route=\/wp\/v2\/media\/59032"}],"wp:attachment":[{"href":"https:\/\/jugulajm.net\/index.php?rest_route=%2Fwp%2Fv2%2Fmedia&parent=59161"}],"wp:term":[{"taxonomy":"category","embeddable":true,"href":"https:\/\/jugulajm.net\/index.php?rest_route=%2Fwp%2Fv2%2Fcategories&post=59161"},{"taxonomy":"post_tag","embeddable":true,"href":"https:\/\/jugulajm.net\/index.php?rest_route=%2Fwp%2Fv2%2Ftags&post=59161"}],"curies":[{"name":"wp","href":"https:\/\/api.w.org\/{rel}","templated":true}]}}