{"id":58958,"date":"2023-05-10T12:38:44","date_gmt":"2023-05-10T10:38:44","guid":{"rendered":"https:\/\/jugulajm.net\/?p=58958"},"modified":"2023-05-31T09:42:04","modified_gmt":"2023-05-31T07:42:04","slug":"incidenti-i-djeshem-ne-buz-te-memaliajt-reagon-koalicioni-opozitar-bashke-fitojme","status":"publish","type":"post","link":"https:\/\/jugulajm.net\/?p=58958","title":{"rendered":"Incidenti i djesh\u00ebm n\u00eb Buz t\u00eb Memaliajt, reagon koalicioni opozitar &#8216;Bashk\u00eb Fitojm\u00eb&#8217;"},"content":{"rendered":"<p><strong>Deklarat\u00eb e Koalicionit opozitar &#8216;BASHK\u00cb FITOJM\u00cb&#8217; Bashkia Memaliaj. <\/strong><\/p>\n<p>Koalicioni opozitar BASHK\u00cb FITOJM\u00cb, po konstaton p\u00ebrdit\u00eb skandale t\u00eb nj\u00ebpasnj\u00ebshme t\u00eb aktivitetit ilegal t\u00eb strukturave shtet\u00ebrore n\u00eb Bashkin\u00eb e Memaliaj me q\u00ebllimin kryesor presionimin e zgjedh\u00ebsve dhe deformimin e vullnetit t\u00eb tyre m\u00eb 14 maj.<\/p>\n<p>Konkretisht dje kemi konstatuar me fakte dhe prova sesi kryetari Nj\u00ebsis\u00eb Administrative t\u00eb Buzit, Fatjon Isufi, ka ushtruar aktivitet ilegal n\u00eb kund\u00ebrshtim me Kodin Zgjedhor n\u00eb favor t\u00eb kandidatit kund\u00ebrshtar, q\u00eb \u00ebsht\u00eb edhe p\u00ebr pak dit\u00eb n\u00eb krye t\u00eb Bashkis\u00eb s\u00eb Memaliajt.<\/p>\n<p>Fatjon Isufi, dje me urdh\u00ebr t\u00eb deputetit Laert Duraj, ka ushtruar presion tek mb\u00ebshtet\u00ebsit e kandidatit ton\u00eb Albert Malaj dhe i ka k\u00ebrc\u00ebnuar me nd\u00ebprerjen e ndihm\u00ebs ekonomike n\u00eb rast se m\u00eb 14 maj nuk do t\u00eb votojn\u00eb Gjolek Gucin.<\/p>\n<p>Fatjon Isufi dje ka k\u00ebrc\u00ebnuar dy pjestar\u00eb t\u00eb shtabit elektoral t\u00eb kandidatit ton\u00eb, q\u00eb mos t\u00eb angazhohen n\u00eb fushat\u00eb zgjedhore, pasi do t\u2019i \u00e7oj\u00eb n\u00eb burg. Administratori i Buzit dje, ka provokuar nj\u00eb situat\u00eb konfliktuale gjat\u00eb mb\u00ebrritjes n\u00eb Buz t\u00eb kandidatit ton\u00eb fitues Albert Malaj.<\/p>\n<p>Ky provokim ka pasur sigurisht edhe asistenc\u00ebn e Policis\u00eb s\u00eb Memaliajt, me actor kreun e saj Altin Zeqirin.<\/p>\n<p>Situata dje ka qen\u00eb n\u00eb prag t\u00eb konfliktit provokuar nga Fatjon Isufi n\u00ebn dirigjimin e deputetit Laert Duraj dhe kukull\u00ebs s\u00eb tij n\u00eb Bashkin\u00eb e Memaliajt, Gjolek Guci.<\/p>\n<p>Shoq\u00ebrimi n\u00eb polici i dy pjestar\u00ebve t\u00eb stafit elektoral t\u00eb kandidatit ton\u00eb, \u00ebsht\u00eb shoq\u00ebruar me nj\u00eb reagim t\u00eb madh prej qytetar\u00ebve t\u00eb Memaliajt, t\u00eb cil\u00ebt jan\u00eb okupuar para stacionit Policor, duke k\u00ebrkuar shpjegime dhe denoncuar aktivitetin presionues dhe k\u00ebrc\u00ebnues t\u00eb Fatjon Isufit n\u00eb zon\u00eb me nd\u00ebrprrje t\u00eb ndihm\u00ebs ekonomike familjeve t\u00eb varf\u00ebra.<\/p>\n<p>Nd\u00ebrkoh\u00eb q\u00eb Drejtoria e Policis\u00eb s\u00eb Gjirokastr\u00ebs, sot p\u00ebrmes nj\u00eb deklarate \u00ebsht\u00eb b\u00ebr\u00eb pal\u00eb n\u00eb k\u00ebt\u00eb konflikt t\u00eb paprecedent\u00eb, pasi ka deformuar q\u00ebllimisht faktet dhe rrethanat n\u00eb t\u00eb cil\u00ebn ka ndodhur me t\u00eb v\u00ebrtet\u00eb skandali n\u00eb Buz i nj\u00eb dite m\u00eb par\u00eb.<\/p>\n<p>Deklarata e Policis\u00eb s\u00eb Gjirokastr\u00ebs, \u00ebsht\u00eb fund e krye m\u00eb e pakta nj\u00eb deklarat\u00eb e pap\u00ebrgjegjshme, e q\u00ebllimshme, dhe aq m\u00eb keq ka marr\u00eb atributin e gjykat\u00ebs duke th\u00ebn\u00eb se dy aktivist\u00ebt tan\u00eb paskan \u201ckanosur n\u00eb krye t\u00eb detyr\u00ebs Fatjon Isufin kryeadministratorin e Buzit\u201d.<\/p>\n<p>Kjo deklarat\u00eb e shp\u00ebrndar\u00eb mediave m\u00ebngjesin e sot\u00ebm \u00ebsht\u00eb m\u00eb e pakta skandaloze dhe m\u00eb e shumta vep\u00ebr penale n\u00eb ngarkim t\u00eb kreut t\u00eb saj Ardian \u00c7ipa, i cili q\u00ebllimisht ka deformuar faktet dhe provat n\u00eb favor t\u00eb mos zbardhjes s\u00eb ngjarjes.<\/p>\n<p>Normalisht q\u00eb kur n\u00eb krye t\u00eb Policis\u00eb s\u00eb Gjirokastr\u00ebs \u00ebsht\u00eb Ardian \u00c7ipa, i njohur dhe i denoncuar shum\u00eb her\u00eb nga opozita p\u00ebr shum\u00eb afera kriminale n\u00eb t\u00eb kaluar\u00ebn e af\u00ebrt, nuk ka sesi e v\u00ebrteta t\u00eb zbardhet, por t\u00eb njolloset me fakte t\u00eb rreme.<\/p>\n<p>Policia e Ardian \u00c7ip\u00ebs n\u00eb Gjirokast\u00ebr, n\u00eb vend q\u00eb t\u00eb merret me denoncimin e b\u00ebr\u00eb 10 dit\u00eb m\u00eb par\u00eb nga kandidati yn\u00eb p\u00ebr Bashkin\u00eb e Memaliajt, p\u00ebr qarkullimin e nj\u00eb xhipi me targa false n\u00ebn pron\u00ebsi t\u00eb administratorit t\u00eb Krah\u00ebsit, duke shp\u00ebrndar\u00eb ushqime dhe para n\u00eb k\u00ebmbim t\u00eb vot\u00ebs, merret me deklarata t\u00eb q\u00ebllimshme p\u00ebr t\u00eb shtremb\u00ebruar realitetin p\u00ebr t\u00eb mos th\u00ebn\u00eb q\u00eb \u00ebsht\u00eb n\u00eb sinkron me pushtetin.<\/p>\n<p>Kandidati yn\u00eb Albert Malaj ka denoncuar shefit e Stacionit Policor t\u00eb Memaliajt Altin Zeqirin, pasi ky i fundit ka lejuar qarkullimin lirsh\u00ebm t\u00eb k\u00ebtij xhipi me targa false, duke kaluar n\u00ebn hund\u00ebn e patrullave policore t\u00eb stacionuara n\u00eb zon\u00eb.<\/p>\n<p>Kjo \u00ebsht\u00eb d\u00ebshmi e qart\u00eb sesi Policia e Shtetit b\u00ebhet pal\u00eb me pushtetin.<\/p>\n<p>P\u00ebr sa m\u00eb lart, Koalicioni BASHK\u00cb FITOJM\u00cb dhe kandidati p\u00ebr Bashkin\u00eb e Memaliajt, Albert Malaj, do t\u00eb v\u00ebr\u00eb n\u00eb dijeni p\u00ebrfaq\u00ebsin\u00eb e OSBE\/ODIHR p\u00ebr t\u00eb faktuar ngjarjen e plot\u00eb, si dhe veprimtarin\u00eb ilegale t\u00eb Fatjon Isufit, Laert Durajt dhe Gjolek Gucit.<\/p>\n<p>Nd\u00ebrkaq u b\u00ebjm\u00eb thirrje organizmave nd\u00ebrkomb\u00ebtar\u00eb t\u00eb nd\u00ebrhyjn\u00eb sa m\u00eb shpejt p\u00ebr t\u00eb qet\u00ebsuar situat\u00ebn, pasi njer\u00ebzit po k\u00ebrc\u00ebnohen me buk\u00ebn e goj\u00ebs dhe me burg n\u00ebse votojn\u00eb p\u00ebr kandidatin ton\u00eb. Kandidati dhe deputeti i Rilindjes n\u00eb Memaliaj, t\u00eb ndodhur n\u00ebn panik po nd\u00ebrmarrin akte t\u00eb tilla n\u00eb kushtet kur dyert po u mbyllen nga vet\u00eb socialist\u00ebt e ndersh\u00ebm. P\u00ebrgjigja do t\u00eb jet\u00eb ajo q\u00eb do t\u2019u shkaktoj\u00eb dhe shp\u00ebrblej\u00eb atyre t\u00eb gjith\u00eb k\u00ebt\u00eb veprimtari ilegale dhe kriminale ndaj zgjedh\u00ebsve n\u00eb Memaliaj.<\/p>\n<p>Koha po afron!<\/p>\n<p>Bashk\u00eb fitojm\u00eb.<\/p>\n","protected":false},"excerpt":{"rendered":"<p>Deklarat\u00eb e Koalicionit opozitar &#8216;BASHK\u00cb FITOJM\u00cb&#8217; Bashkia Memaliaj. Koalicioni opozitar BASHK\u00cb FITOJM\u00cb, po konstaton p\u00ebrdit\u00eb skandale t\u00eb nj\u00ebpasnj\u00ebshme t\u00eb aktivitetit ilegal t\u00eb strukturave shtet\u00ebrore n\u00eb Bashkin\u00eb e Memaliaj me q\u00ebllimin kryesor presionimin e zgjedh\u00ebsve dhe deformimin e vullnetit t\u00eb tyre m\u00eb 14 maj. Konkretisht dje kemi konstatuar me fakte dhe prova sesi kryetari Nj\u00ebsis\u00eb Administrative [&hellip;]<\/p>\n","protected":false},"author":5,"featured_media":58808,"comment_status":"closed","ping_status":"open","sticky":false,"template":"","format":"standard","meta":{"footnotes":""},"categories":[1,6332],"tags":[23281,23282],"class_list":{"0":"post-58958","1":"post","2":"type-post","3":"status-publish","4":"format-standard","5":"has-post-thumbnail","7":"category-aktualitet","8":"category-te-fundit","9":"tag-incidenti-i-djeshem-ne-buz-te-memaliajt","10":"tag-reagon-koalicioni-opozitar-bashke-fitojme"},"_links":{"self":[{"href":"https:\/\/jugulajm.net\/index.php?rest_route=\/wp\/v2\/posts\/58958","targetHints":{"allow":["GET"]}}],"collection":[{"href":"https:\/\/jugulajm.net\/index.php?rest_route=\/wp\/v2\/posts"}],"about":[{"href":"https:\/\/jugulajm.net\/index.php?rest_route=\/wp\/v2\/types\/post"}],"author":[{"embeddable":true,"href":"https:\/\/jugulajm.net\/index.php?rest_route=\/wp\/v2\/users\/5"}],"replies":[{"embeddable":true,"href":"https:\/\/jugulajm.net\/index.php?rest_route=%2Fwp%2Fv2%2Fcomments&post=58958"}],"version-history":[{"count":0,"href":"https:\/\/jugulajm.net\/index.php?rest_route=\/wp\/v2\/posts\/58958\/revisions"}],"wp:featuredmedia":[{"embeddable":true,"href":"https:\/\/jugulajm.net\/index.php?rest_route=\/wp\/v2\/media\/58808"}],"wp:attachment":[{"href":"https:\/\/jugulajm.net\/index.php?rest_route=%2Fwp%2Fv2%2Fmedia&parent=58958"}],"wp:term":[{"taxonomy":"category","embeddable":true,"href":"https:\/\/jugulajm.net\/index.php?rest_route=%2Fwp%2Fv2%2Fcategories&post=58958"},{"taxonomy":"post_tag","embeddable":true,"href":"https:\/\/jugulajm.net\/index.php?rest_route=%2Fwp%2Fv2%2Ftags&post=58958"}],"curies":[{"name":"wp","href":"https:\/\/api.w.org\/{rel}","templated":true}]}}