{"id":58865,"date":"2023-05-08T08:48:43","date_gmt":"2023-05-08T06:48:43","guid":{"rendered":"https:\/\/jugulajm.net\/?p=58865"},"modified":"2023-05-31T09:42:06","modified_gmt":"2023-05-31T07:42:06","slug":"moti-sot-rriten-temperaturat-25","status":"publish","type":"post","link":"https:\/\/jugulajm.net\/?p=58865","title":{"rendered":"Moti sot\/ Rriten temperaturat"},"content":{"rendered":"<p>Pjesa e par\u00eb e dit\u00ebs s\u00eb sotme do t\u00eb jet\u00eb n\u00ebn ndikimin e kushteve t\u00eb q\u00ebndrueshme atmosferike t\u00eb cilat do t\u00eb sjellin alternime kthjellimesh dhe kalime t\u00eb pakta vran\u00ebsirash, t\u00eb cilat m\u00eb t\u00eb dukshme do t\u00eb jen\u00eb n\u00eb zonat Veri-Lindore.<\/p>\n<div class=\"jeg_ad jeg_ad_article jnews_content_inline_ads\">\n<div class=\"ads-wrapper align-center\">\n<div class=\"ads_code\">Nd\u00ebrsa or\u00ebt vijuese do t\u2019i b\u00ebjn\u00eb m\u00eb t\u00eb dukshme vran\u00ebsirat n\u00eb territor duke krijuar mund\u00ebsi p\u00ebr reshje t\u00eb pakta shiu n\u00eb gjysm\u00ebn Lindore t\u00eb vendit ton\u00eb. Reshjet e pakta t\u00eb shiut do t\u00eb jen\u00eb prezente edhe gjat\u00eb or\u00ebve t\u00eb nat\u00ebs.<\/div>\n<\/div>\n<\/div>\n<div class=\"jeg_ad jeg_ad_article jnews_content_inline_2_ads\">\n<div class=\"ads-wrapper align-center\">\n<div class=\"ads_code\"><\/div>\n<\/div>\n<\/div>\n<p>Sipas MeteoAlb, temperaturat e ajrit do t\u00eb ulen n\u00eb m\u00ebngjes, por do t\u00eb rriten n\u00eb mesdit\u00eb duke u luhatur nga 5\u00b0C deri n\u00eb 29\u00b0C.<\/p>\n<p>Era do t\u00eb fryj\u00eb e leht\u00eb dhe mesatare n\u00eb det me shpejt\u00ebsi 25 km\/h nga drejtimi Per\u00ebndimor duke sjell\u00eb n\u00eb brigjet detare dallg\u00ebzim t\u00eb ul\u00ebt.<\/p>\n","protected":false},"excerpt":{"rendered":"<p>Pjesa e par\u00eb e dit\u00ebs s\u00eb sotme do t\u00eb jet\u00eb n\u00ebn ndikimin e kushteve t\u00eb q\u00ebndrueshme atmosferike t\u00eb cilat do t\u00eb sjellin alternime kthjellimesh dhe kalime t\u00eb pakta vran\u00ebsirash, t\u00eb cilat m\u00eb t\u00eb dukshme do t\u00eb jen\u00eb n\u00eb zonat Veri-Lindore. Nd\u00ebrsa or\u00ebt vijuese do t\u2019i b\u00ebjn\u00eb m\u00eb t\u00eb dukshme vran\u00ebsirat n\u00eb territor duke krijuar mund\u00ebsi [&hellip;]<\/p>\n","protected":false},"author":5,"featured_media":47843,"comment_status":"closed","ping_status":"open","sticky":false,"template":"","format":"standard","meta":{"footnotes":""},"categories":[7650,6332],"tags":[22047],"class_list":{"0":"post-58865","1":"post","2":"type-post","3":"status-publish","4":"format-standard","5":"has-post-thumbnail","7":"category-moti","8":"category-te-fundit","9":"tag-moti-sot-rriten-temperaturat"},"_links":{"self":[{"href":"https:\/\/jugulajm.net\/index.php?rest_route=\/wp\/v2\/posts\/58865","targetHints":{"allow":["GET"]}}],"collection":[{"href":"https:\/\/jugulajm.net\/index.php?rest_route=\/wp\/v2\/posts"}],"about":[{"href":"https:\/\/jugulajm.net\/index.php?rest_route=\/wp\/v2\/types\/post"}],"author":[{"embeddable":true,"href":"https:\/\/jugulajm.net\/index.php?rest_route=\/wp\/v2\/users\/5"}],"replies":[{"embeddable":true,"href":"https:\/\/jugulajm.net\/index.php?rest_route=%2Fwp%2Fv2%2Fcomments&post=58865"}],"version-history":[{"count":0,"href":"https:\/\/jugulajm.net\/index.php?rest_route=\/wp\/v2\/posts\/58865\/revisions"}],"wp:featuredmedia":[{"embeddable":true,"href":"https:\/\/jugulajm.net\/index.php?rest_route=\/wp\/v2\/media\/47843"}],"wp:attachment":[{"href":"https:\/\/jugulajm.net\/index.php?rest_route=%2Fwp%2Fv2%2Fmedia&parent=58865"}],"wp:term":[{"taxonomy":"category","embeddable":true,"href":"https:\/\/jugulajm.net\/index.php?rest_route=%2Fwp%2Fv2%2Fcategories&post=58865"},{"taxonomy":"post_tag","embeddable":true,"href":"https:\/\/jugulajm.net\/index.php?rest_route=%2Fwp%2Fv2%2Ftags&post=58865"}],"curies":[{"name":"wp","href":"https:\/\/api.w.org\/{rel}","templated":true}]}}