{"id":58852,"date":"2023-05-07T15:47:56","date_gmt":"2023-05-07T13:47:56","guid":{"rendered":"https:\/\/jugulajm.net\/?p=58852"},"modified":"2023-05-31T09:42:06","modified_gmt":"2023-05-31T07:42:06","slug":"opinionistja-jam-kercenuar-kam-pasur-perplasje-me-familjaret-e-kiares","status":"publish","type":"post","link":"https:\/\/jugulajm.net\/?p=58852","title":{"rendered":"Opinionistja: Jam k\u00ebrc\u00ebnuar, kam pasur p\u00ebrplasje me familjar\u00ebt e Kiar\u00ebs"},"content":{"rendered":"<p><em>&#8220;Jam k\u00ebrc\u00ebnuar shum\u00eb. Nj\u00eb eksperienc\u00eb e bukur dhe e v\u00ebshtir\u00eb. Ja vlejti\u201d.<\/em><\/p>\n<p>K\u00ebshtu e konsideroi Zhaklin Lekatari eksperienc\u00ebn e saj si opinioniste e k\u00ebtij edicioni t\u00eb \u201cBig Brother VIP\u201d.<\/p>\n<p>N\u00eb nj\u00eb intervist\u00eb ajo sqaroi gjithashtu edhe deklarat\u00ebn e saj n\u00eb lidhje me Kiara Titon dhe Luiz Ejllin, q\u00eb t\u00eb b\u00ebnin seks brenda sht\u00ebpis\u00eb m\u00eb t\u00eb famshme n\u00eb Shqip\u00ebri.<\/p>\n<p><em>Kur thash\u00eb se dua seks, nuk thash\u00eb se dua seks n\u00eb TV. Ishte nj\u00eb provokim p\u00ebr shkak t\u00eb dinamikave q\u00eb kishin ndodhur. P\u00ebr arroganc\u00ebn q\u00eb po tregonte Kiara pasi rihyri n\u00eb sht\u00ebpi, te binte n\u00eb grack\u00eb b\u00ebra k\u00ebt\u00eb deklarat\u00eb\u201d, tha Lekatari.<\/em><\/p>\n<p><em>Nd\u00ebrsa e pyetur n\u00ebse ka pasur p\u00ebrplasje me Kiar\u00ebn apo familjar\u00ebt e saj, gazetarja u shpreh:<\/em><\/p>\n<p><em>\u201cJo, nuk kam pasur p\u00ebrplasje me t\u00eb por me familjar\u00ebt e saj. Kan\u00eb pasur edhe me banor\u00ebt e tjer\u00eb, p\u00ebr q\u00ebndrimet dhe opinionet q\u00eb kan\u00eb dh\u00ebn\u00eb\u201d.<\/em><\/p>\n","protected":false},"excerpt":{"rendered":"<p>&#8220;Jam k\u00ebrc\u00ebnuar shum\u00eb. Nj\u00eb eksperienc\u00eb e bukur dhe e v\u00ebshtir\u00eb. Ja vlejti\u201d. K\u00ebshtu e konsideroi Zhaklin Lekatari eksperienc\u00ebn e saj si opinioniste e k\u00ebtij edicioni t\u00eb \u201cBig Brother VIP\u201d. N\u00eb nj\u00eb intervist\u00eb ajo sqaroi gjithashtu edhe deklarat\u00ebn e saj n\u00eb lidhje me Kiara Titon dhe Luiz Ejllin, q\u00eb t\u00eb b\u00ebnin seks brenda sht\u00ebpis\u00eb m\u00eb t\u00eb [&hellip;]<\/p>\n","protected":false},"author":5,"featured_media":56823,"comment_status":"closed","ping_status":"open","sticky":false,"template":"","format":"standard","meta":{"footnotes":""},"categories":[1,6332],"tags":[23238,23237],"class_list":{"0":"post-58852","1":"post","2":"type-post","3":"status-publish","4":"format-standard","5":"has-post-thumbnail","7":"category-aktualitet","8":"category-te-fundit","9":"tag-kam-pasur-perplasje-me-familjaret-e-kiares","10":"tag-opinionistja-jam-kercenuar"},"_links":{"self":[{"href":"https:\/\/jugulajm.net\/index.php?rest_route=\/wp\/v2\/posts\/58852","targetHints":{"allow":["GET"]}}],"collection":[{"href":"https:\/\/jugulajm.net\/index.php?rest_route=\/wp\/v2\/posts"}],"about":[{"href":"https:\/\/jugulajm.net\/index.php?rest_route=\/wp\/v2\/types\/post"}],"author":[{"embeddable":true,"href":"https:\/\/jugulajm.net\/index.php?rest_route=\/wp\/v2\/users\/5"}],"replies":[{"embeddable":true,"href":"https:\/\/jugulajm.net\/index.php?rest_route=%2Fwp%2Fv2%2Fcomments&post=58852"}],"version-history":[{"count":0,"href":"https:\/\/jugulajm.net\/index.php?rest_route=\/wp\/v2\/posts\/58852\/revisions"}],"wp:featuredmedia":[{"embeddable":true,"href":"https:\/\/jugulajm.net\/index.php?rest_route=\/wp\/v2\/media\/56823"}],"wp:attachment":[{"href":"https:\/\/jugulajm.net\/index.php?rest_route=%2Fwp%2Fv2%2Fmedia&parent=58852"}],"wp:term":[{"taxonomy":"category","embeddable":true,"href":"https:\/\/jugulajm.net\/index.php?rest_route=%2Fwp%2Fv2%2Fcategories&post=58852"},{"taxonomy":"post_tag","embeddable":true,"href":"https:\/\/jugulajm.net\/index.php?rest_route=%2Fwp%2Fv2%2Ftags&post=58852"}],"curies":[{"name":"wp","href":"https:\/\/api.w.org\/{rel}","templated":true}]}}