{"id":58848,"date":"2023-05-07T12:45:11","date_gmt":"2023-05-07T10:45:11","guid":{"rendered":"https:\/\/jugulajm.net\/?p=58848"},"modified":"2023-05-31T09:42:06","modified_gmt":"2023-05-31T07:42:06","slug":"emri-45-vjecari-shqiptar-vret-ne-itali-vajzen-e-tij-16-vjecare-dhe-nje-italian-plagos-edhe-ish-gruan","status":"publish","type":"post","link":"https:\/\/jugulajm.net\/?p=58848","title":{"rendered":"EMRI\/ 45-vje\u00e7ari shqiptar vret n\u00eb Itali vajz\u00ebn e tij 16-vje\u00e7are dhe nj\u00eb italian, plagos edhe ish-gruan"},"content":{"rendered":"<p>Nj\u00eb 45-vje\u00e7ar me origjin\u00eb shqiptare ka vrar\u00eb vajz\u00ebn e tij 16-vje\u00e7are dhe nj\u00eb italian 51-vje\u00e7ar, Massimo De Santis, mesnat\u00ebn e djeshme n\u00eb zon\u00ebn e Foggia n\u00eb Itali.<\/p>\n<p>Mediat italiane raportojn\u00eb se vras\u00ebsi i dyshuar \u00ebsht\u00eb babai i viktim\u00ebs 16-vje\u00e7are.<\/p>\n<p>B\u00ebhet fjal\u00eb p\u00ebr nj\u00eb 45-vje\u00e7ar shqiptar, buk\u00ebpjek\u00ebs, i cili tashm\u00eb \u00ebsht\u00eb ndaluar nga karabinier\u00ebt.<\/p>\n<p>Mediat italiane\u00a0b\u00ebjn\u00eb me dije se ngjarja ka ndodhur gjat\u00eb mesnat\u00ebs n\u00eb zon\u00ebn e Foggia n\u00eb Itali, ku Taulant Malaj ka q\u00eblluar p\u00ebr vdekje vajz\u00ebn e tij 16-vje\u00e7are dhe nj\u00eb italian 51-vje\u00e7ar.<\/p>\n<p>Shqiptari 45-vje\u00e7ar tentoi t\u00eb vriste gruan e tij por vajza e tij 16-vje\u00e7are nd\u00ebrhyri ta mbronte dhe ai e goditi vajz\u00ebn me thik\u00eb p\u00ebr vdekje.<\/p>\n","protected":false},"excerpt":{"rendered":"<p>Nj\u00eb 45-vje\u00e7ar me origjin\u00eb shqiptare ka vrar\u00eb vajz\u00ebn e tij 16-vje\u00e7are dhe nj\u00eb italian 51-vje\u00e7ar, Massimo De Santis, mesnat\u00ebn e djeshme n\u00eb zon\u00ebn e Foggia n\u00eb Itali. Mediat italiane raportojn\u00eb se vras\u00ebsi i dyshuar \u00ebsht\u00eb babai i viktim\u00ebs 16-vje\u00e7are. B\u00ebhet fjal\u00eb p\u00ebr nj\u00eb 45-vje\u00e7ar shqiptar, buk\u00ebpjek\u00ebs, i cili tashm\u00eb \u00ebsht\u00eb ndaluar nga karabinier\u00ebt. Mediat italiane\u00a0b\u00ebjn\u00eb [&hellip;]<\/p>\n","protected":false},"author":5,"featured_media":0,"comment_status":"closed","ping_status":"open","sticky":false,"template":"","format":"standard","meta":{"footnotes":""},"categories":[1,6332],"tags":[23234,23235],"class_list":{"0":"post-58848","1":"post","2":"type-post","3":"status-publish","4":"format-standard","6":"category-aktualitet","7":"category-te-fundit","8":"tag-emri-45-vjecari-shqiptar-vret-ne-itali-vajzen-e-tij-16-vjecare-dhe-nje-italian","9":"tag-plagos-edhe-ish-gruan"},"_links":{"self":[{"href":"https:\/\/jugulajm.net\/index.php?rest_route=\/wp\/v2\/posts\/58848","targetHints":{"allow":["GET"]}}],"collection":[{"href":"https:\/\/jugulajm.net\/index.php?rest_route=\/wp\/v2\/posts"}],"about":[{"href":"https:\/\/jugulajm.net\/index.php?rest_route=\/wp\/v2\/types\/post"}],"author":[{"embeddable":true,"href":"https:\/\/jugulajm.net\/index.php?rest_route=\/wp\/v2\/users\/5"}],"replies":[{"embeddable":true,"href":"https:\/\/jugulajm.net\/index.php?rest_route=%2Fwp%2Fv2%2Fcomments&post=58848"}],"version-history":[{"count":0,"href":"https:\/\/jugulajm.net\/index.php?rest_route=\/wp\/v2\/posts\/58848\/revisions"}],"wp:attachment":[{"href":"https:\/\/jugulajm.net\/index.php?rest_route=%2Fwp%2Fv2%2Fmedia&parent=58848"}],"wp:term":[{"taxonomy":"category","embeddable":true,"href":"https:\/\/jugulajm.net\/index.php?rest_route=%2Fwp%2Fv2%2Fcategories&post=58848"},{"taxonomy":"post_tag","embeddable":true,"href":"https:\/\/jugulajm.net\/index.php?rest_route=%2Fwp%2Fv2%2Ftags&post=58848"}],"curies":[{"name":"wp","href":"https:\/\/api.w.org\/{rel}","templated":true}]}}