{"id":58751,"date":"2023-05-04T19:56:15","date_gmt":"2023-05-04T17:56:15","guid":{"rendered":"https:\/\/jugulajm.net\/?p=58751"},"modified":"2023-05-31T09:42:08","modified_gmt":"2023-05-31T07:42:08","slug":"emri-39-vjecarja-shqiptare-denohet-me-30-vite-burg-ne-itali-vrau-prinderit-e-te-fejuarit","status":"publish","type":"post","link":"https:\/\/jugulajm.net\/?p=58751","title":{"rendered":"EMRI\/ 39-vje\u00e7arja shqiptare d\u00ebnohet me 30 vite burg n\u00eb Itali, vrau prind\u00ebrit e t\u00eb fejuarit"},"content":{"rendered":"<p>Elona Kalesha, 39 vje\u00e7arja e akuzuar p\u00ebr vrasjen e prind\u00ebrve t\u00eb ish t\u00eb dashurit t\u00eb saj, Teuta dhe Shp\u00ebtim Pashko \u00ebsht\u00eb d\u00ebnuar sot nga Gjykata e Lart\u00eb e Firences me 30 vite burg.<\/p>\n<p>Shp\u00ebtim dhe Teuta Pasho u zhduk\u00ebn n\u00eb tetor 2015 dhe trupat e tyre t\u00eb cop\u00ebtuar, u gjet\u00ebn n\u00eb dhjetor 2020 n\u00eb valixhe.<\/p>\n<p>Elona dyshohet se futi bashk\u00ebshort\u00ebt n\u00eb kurth, t\u00eb cil\u00ebt erdh\u00ebn n\u00eb Itali p\u00ebr t\u00eb par\u00eb djalin e tyre Taulantin.<\/p>\n<p>Ky i fundit, i burgosur n\u00eb Sollicciano p\u00ebr krime droge, do t\u00eb lirohej nga burgu m\u00eb 2 n\u00ebntor 2015.<\/p>\n<p>Prind\u00ebrit e tij u zhduk\u00ebn nj\u00eb dit\u00eb m\u00eb par\u00eb, dhe provat tregojn\u00eb se personi i fundit q\u00eb i pa ata ishte Elona.<\/p>\n<p>Kalesha u arrestua nga policia italiane p\u00ebr vrasjen makabre t\u00eb \u00e7iftit Pasho, pasi dyshohet se e kreu vrasjen me paramendim dhe sipas hetuesve ajo kishte si q\u00ebllim q\u00eb t\u2019i eliminonte p\u00ebr t\u2019u marr\u00eb 40 mij\u00eb euro, por edhe p\u00ebr shkak se mendohet se ajo e urrente n\u00ebn\u00ebn e t\u00eb dashurit pasi nuk e donte.<\/p>\n","protected":false},"excerpt":{"rendered":"<p>Elona Kalesha, 39 vje\u00e7arja e akuzuar p\u00ebr vrasjen e prind\u00ebrve t\u00eb ish t\u00eb dashurit t\u00eb saj, Teuta dhe Shp\u00ebtim Pashko \u00ebsht\u00eb d\u00ebnuar sot nga Gjykata e Lart\u00eb e Firences me 30 vite burg. Shp\u00ebtim dhe Teuta Pasho u zhduk\u00ebn n\u00eb tetor 2015 dhe trupat e tyre t\u00eb cop\u00ebtuar, u gjet\u00ebn n\u00eb dhjetor 2020 n\u00eb valixhe. [&hellip;]<\/p>\n","protected":false},"author":5,"featured_media":0,"comment_status":"closed","ping_status":"open","sticky":false,"template":"","format":"standard","meta":{"footnotes":""},"categories":[1,6332],"tags":[23182,23183],"class_list":{"0":"post-58751","1":"post","2":"type-post","3":"status-publish","4":"format-standard","6":"category-aktualitet","7":"category-te-fundit","8":"tag-emri-39-vjecarja-shqiptare-denohet-me-30-vite-burg-ne-itali","9":"tag-vrau-prinderit-e-te-fejuarit"},"_links":{"self":[{"href":"https:\/\/jugulajm.net\/index.php?rest_route=\/wp\/v2\/posts\/58751","targetHints":{"allow":["GET"]}}],"collection":[{"href":"https:\/\/jugulajm.net\/index.php?rest_route=\/wp\/v2\/posts"}],"about":[{"href":"https:\/\/jugulajm.net\/index.php?rest_route=\/wp\/v2\/types\/post"}],"author":[{"embeddable":true,"href":"https:\/\/jugulajm.net\/index.php?rest_route=\/wp\/v2\/users\/5"}],"replies":[{"embeddable":true,"href":"https:\/\/jugulajm.net\/index.php?rest_route=%2Fwp%2Fv2%2Fcomments&post=58751"}],"version-history":[{"count":0,"href":"https:\/\/jugulajm.net\/index.php?rest_route=\/wp\/v2\/posts\/58751\/revisions"}],"wp:attachment":[{"href":"https:\/\/jugulajm.net\/index.php?rest_route=%2Fwp%2Fv2%2Fmedia&parent=58751"}],"wp:term":[{"taxonomy":"category","embeddable":true,"href":"https:\/\/jugulajm.net\/index.php?rest_route=%2Fwp%2Fv2%2Fcategories&post=58751"},{"taxonomy":"post_tag","embeddable":true,"href":"https:\/\/jugulajm.net\/index.php?rest_route=%2Fwp%2Fv2%2Ftags&post=58751"}],"curies":[{"name":"wp","href":"https:\/\/api.w.org\/{rel}","templated":true}]}}