{"id":58744,"date":"2023-05-04T17:54:42","date_gmt":"2023-05-04T15:54:42","guid":{"rendered":"https:\/\/jugulajm.net\/?p=58744"},"modified":"2023-05-31T09:42:08","modified_gmt":"2023-05-31T07:42:08","slug":"video-kandidati-i-opozites-albert-malaj-thirje-ministres-kumbaros-zonja-ministre-ku-je-bashkia-memaliaj-po-helmon-qytetaret-nga-vasjari-ne-memaliaj-po-digjen-plehrat","status":"publish","type":"post","link":"https:\/\/jugulajm.net\/?p=58744","title":{"rendered":"VIDEO\/ Kandidati i opozit\u00ebs Albert Malaj, thirrje Kumbaros: Zonja ministre ku je? Bashkia Memaliaj po helmon qytetar\u00ebt duke djegur plehrat"},"content":{"rendered":"<p>Albert Malaj, kandidati i opozites per Bashkine Memaliaj, ka reaguar per smogun mbytes dhe aromen e keqe qe ka kapluar qytetaret e Memaliajt nga djegia e plehrave.<\/p>\n<p>Ka per me shume se sa nje jave, qe Bashkia Memaliaj po djeg plehrat nga Vasjari n\u00eb Memaliaj, segment ky qe as kundragazi nuk te ben efekt nga tymnaja e shumte, ndotja dhe ajri i renduar.<\/p>\n<p>Permes nje reagimi ne fb, Malaj i ka bere thirje deputetes se zones dhe ministres Mirela Kumbaro, qe te reagoje urgjentisht per kete situate te papranueshme.<\/p>\n<p><strong>Ja reagimi i plote i Malajt:<\/strong><\/p>\n<div class=\"xdj266r x11i5rnm xat24cr x1mh8g0r x1vvkbs x126k92a\">\n<div dir=\"auto\">Masakra me djegien e plehrave n\u00eb mjedisin Park Komb\u00ebtar.<\/div>\n<div dir=\"auto\"><\/div>\n<\/div>\n<div class=\"x11i5rnm xat24cr x1mh8g0r x1vvkbs xtlvy1s x126k92a\">\n<div dir=\"auto\">Bashkia Memaliaj n\u00eb krye t\u00eb skandalit mjedisor, duke helmuar qytetar\u00ebt e saj.<\/div>\n<div dir=\"auto\">Ka nj\u00eb jave rresht, qe banoret nga Vasjari n\u00eb Memaliaj po p\u00ebrjetojn\u00eb nj\u00eb tmerr t\u00eb v\u00ebrtet\u00eb nga djegia e plehrave n\u00eb Park Komb\u00ebtar t\u00eb lumit Vjosa.<\/div>\n<div dir=\"auto\"><\/div>\n<\/div>\n<div class=\"x11i5rnm xat24cr x1mh8g0r x1vvkbs xtlvy1s x126k92a\">\n<div dir=\"auto\">Po \u00e7far\u00eb duhet t\u00eb p\u00ebrjetojn\u00eb m\u00eb tep\u00ebr banor\u00ebt se nj\u00eb sulm atomik, kur shikon k\u00ebto pamje q\u00eb do t\u00eb mbeten si krimi m\u00eb i sh\u00ebmtuar i k\u00ebsaj bashkie?<\/div>\n<div dir=\"auto\"><\/div>\n<\/div>\n<div class=\"x11i5rnm xat24cr x1mh8g0r x1vvkbs xtlvy1s x126k92a\">\n<div dir=\"auto\">Pse u serviret kjo hakmarrje k\u00ebtyre banor\u00ebve t\u00eb k\u00ebsaj bashkie, apo si rezultat i abandonimit q\u00eb i kan\u00eb b\u00ebr\u00eb qytetar\u00ebt k\u00ebtij kryetari, i cili nuk ka l\u00ebn\u00eb masak\u00ebr pa b\u00ebr\u00eb p\u00ebr k\u00ebt\u00eb komunitet, me vjedhje nga m\u00eb t\u00eb sh\u00ebmtuarat, me mashtrime, me premtime boshe dhe s\u00eb fundmi duke ndezur dhe plerat.<\/div>\n<div dir=\"auto\"><\/div>\n<\/div>\n<div class=\"x11i5rnm xat24cr x1mh8g0r x1vvkbs xtlvy1s x126k92a\">\n<div dir=\"auto\">Krimi mjedisor ka dhe d\u00ebshmitare Mirela Kumbaron, e cila eshte pergjegjsja e drejt\u00ebperdrejt si drejtuese Politike, si Deputete Qarku, si MINISTRE MJEDISI dhe TURIZMI.<\/div>\n<div dir=\"auto\"><\/div>\n<div dir=\"auto\">Ku jan udhezimet tuaja per menaxhimin e mbetjeve, ku eshte caktuar vendi i hedhjes mbeturinave, si perpunohen, ku jan inspektoriatet? apo pune per militante?<\/div>\n<div dir=\"auto\">Vjen ne Memaliaj, mbjell nje rrap per ben show, me papergjegjshmerin tende than mijra te rrepe pergjat vjoses me helmet qe dalin nga plerat, (nuk gjen nje rrap pa u thar pergjat vjoses) jeni njerzit nga me te papergjegjshmit per postet qe mbani.<\/div>\n<div dir=\"auto\"><\/div>\n<\/div>\n<div class=\"x11i5rnm xat24cr x1mh8g0r x1vvkbs xtlvy1s x126k92a\">\n<div dir=\"auto\">Qytetaret kan\u00eb vendosur me vullnet t\u00eb lir\u00eb t&#8217;i thon\u00eb jo tallavave t\u00eb Rilindjes, se program nuk shohin t\u00eb ken\u00eb para tyre.<\/div>\n<div dir=\"auto\"><\/div>\n<\/div>\n<div class=\"x11i5rnm xat24cr x1mh8g0r x1vvkbs xtlvy1s x126k92a\">\n<div dir=\"auto\">Qytetar\u00ebt e k\u00ebsaj bashkie nuk do t\u00eb tolerojn\u00eb masakr\u00ebn ekonomike t\u00eb kryer n\u00eb vite dhe tani si vemje t\u00eb sh\u00ebmtuara shkojn\u00eb n\u00ebp\u00ebr dyqanet e borxheve, gjoja iu vjen keq p\u00ebr ta&#8230;<\/div>\n<div dir=\"auto\">JO,JO.<\/div>\n<div dir=\"auto\">Nuk kan\u00eb nevoj\u00eb qytetar\u00ebt p\u00ebr l\u00ebmosh\u00eb, por p\u00ebr dinjitet, p\u00ebr t&#8217;u trajtuar me idera q\u00eb sjellin zhvillimin e k\u00ebtij komuniteti jo me plehra n\u00ebp\u00ebr k\u00ebmb\u00eb.<\/div>\n<div dir=\"auto\">Ndaj ju ftoj q\u00eb 14 maj t\u00eb jet\u00eb fundi i \u00e7lirimit nga k\u00ebto masakra dhe pap\u00ebrgjegjshm\u00ebri totale t\u00eb atyre q\u00eb kan\u00eb p\u00ebr detyr\u00eb ligjore t\u00eb drejtojn\u00eb me profesionaliz\u00ebm.<\/div>\n<div dir=\"auto\"><\/div>\n<\/div>\n<div class=\"x11i5rnm xat24cr x1mh8g0r x1vvkbs xtlvy1s x126k92a\">\n<div dir=\"auto\">P\u00ebrgjegj\u00ebsit e k\u00ebtyre masakrave do t\u00eb nd\u00ebshkohen nga shkelja e ligjit n\u00eb m\u00ebnyr\u00eb t\u00eb padiskutueshme, por ve\u00e7 k\u00ebsaj do t\u00eb marrin p\u00ebrgjigjen politike n\u00eb 14 maj si asnj\u00ebher\u00eb tjet\u00ebr&#8230;<\/div>\n<div dir=\"auto\"><\/div>\n<\/div>\n<div class=\"x11i5rnm xat24cr x1mh8g0r x1vvkbs xtlvy1s x126k92a\">\n<div dir=\"auto\">Un\u00eb do t\u00eb q\u00ebndroj n\u00eb an\u00ebn tuaj me kurajo, duke denoncuar pa frik\u00eb \u00e7do skandal, do vler\u00ebsoj \u00e7do shqet\u00ebsim t\u00eb qytetar\u00ebve me detaje dhe do mbetem qytetari m\u00eb k\u00ebrkues ndaj kryetarit p\u00ebr detyrat e veta dhe n\u00eb rastin kur do ta drejtoj k\u00ebt\u00eb bashki, me nj\u00eb mision n\u00eb vetvete, t\u00eb ndryshojm\u00eb k\u00ebt\u00eb qytet t\u00eb masakruar m\u00eb tep\u00ebr se \u00e7do pushtues, nga rilindja dhe grabit\u00ebsit tuaj.<\/div>\n<div dir=\"auto\"><\/div>\n<\/div>\n<div class=\"x11i5rnm xat24cr x1mh8g0r x1vvkbs xtlvy1s x126k92a\">\n<div dir=\"auto\">Me respekt Albert Malaj.<\/div>\n<\/div>\n<div dir=\"auto\">\n<div style=\"width: 368px;\" class=\"wp-video\"><!--[if lt IE 9]><script>document.createElement('video');<\/script><![endif]-->\n<video class=\"wp-video-shortcode\" id=\"video-58744-1\" width=\"368\" height=\"656\" preload=\"metadata\" controls=\"controls\"><source type=\"video\/mp4\" src=\"https:\/\/jugulajm.net\/wp-content\/uploads\/2023\/05\/10000000_6054155218000946_3226052179245085948_n.mp4?_=1\" \/><a href=\"https:\/\/jugulajm.net\/wp-content\/uploads\/2023\/05\/10000000_6054155218000946_3226052179245085948_n.mp4\">https:\/\/jugulajm.net\/wp-content\/uploads\/2023\/05\/10000000_6054155218000946_3226052179245085948_n.mp4<\/a><\/video><\/div>\n<\/div>\n","protected":false},"excerpt":{"rendered":"<p>Albert Malaj, kandidati i opozites per Bashkine Memaliaj, ka reaguar per smogun mbytes dhe aromen e keqe qe ka kapluar qytetaret e Memaliajt nga djegia e plehrave. Ka per me shume se sa nje jave, qe Bashkia Memaliaj po djeg plehrat nga Vasjari n\u00eb Memaliaj, segment ky qe as kundragazi nuk te ben efekt nga [&hellip;]<\/p>\n","protected":false},"author":5,"featured_media":58746,"comment_status":"closed","ping_status":"open","sticky":false,"template":"","format":"standard","meta":{"footnotes":""},"categories":[1,6332],"tags":[23181,23180,23179],"class_list":{"0":"post-58744","1":"post","2":"type-post","3":"status-publish","4":"format-standard","5":"has-post-thumbnail","7":"category-aktualitet","8":"category-te-fundit","9":"tag-nga-vasjari-ne-memaliaj-po-digjen-plehrat","10":"tag-thirje-ministres-kumbaros-zonja-ministre-ku-je-bashkia-memaliaj-po-helmon-qytetaret","11":"tag-video-kandidati-i-opozites-albert-malaj"},"_links":{"self":[{"href":"https:\/\/jugulajm.net\/index.php?rest_route=\/wp\/v2\/posts\/58744","targetHints":{"allow":["GET"]}}],"collection":[{"href":"https:\/\/jugulajm.net\/index.php?rest_route=\/wp\/v2\/posts"}],"about":[{"href":"https:\/\/jugulajm.net\/index.php?rest_route=\/wp\/v2\/types\/post"}],"author":[{"embeddable":true,"href":"https:\/\/jugulajm.net\/index.php?rest_route=\/wp\/v2\/users\/5"}],"replies":[{"embeddable":true,"href":"https:\/\/jugulajm.net\/index.php?rest_route=%2Fwp%2Fv2%2Fcomments&post=58744"}],"version-history":[{"count":0,"href":"https:\/\/jugulajm.net\/index.php?rest_route=\/wp\/v2\/posts\/58744\/revisions"}],"wp:featuredmedia":[{"embeddable":true,"href":"https:\/\/jugulajm.net\/index.php?rest_route=\/wp\/v2\/media\/58746"}],"wp:attachment":[{"href":"https:\/\/jugulajm.net\/index.php?rest_route=%2Fwp%2Fv2%2Fmedia&parent=58744"}],"wp:term":[{"taxonomy":"category","embeddable":true,"href":"https:\/\/jugulajm.net\/index.php?rest_route=%2Fwp%2Fv2%2Fcategories&post=58744"},{"taxonomy":"post_tag","embeddable":true,"href":"https:\/\/jugulajm.net\/index.php?rest_route=%2Fwp%2Fv2%2Ftags&post=58744"}],"curies":[{"name":"wp","href":"https:\/\/api.w.org\/{rel}","templated":true}]}}