{"id":58738,"date":"2023-05-04T15:11:54","date_gmt":"2023-05-04T13:11:54","guid":{"rendered":"https:\/\/jugulajm.net\/?p=58738"},"modified":"2023-05-31T09:42:08","modified_gmt":"2023-05-31T07:42:08","slug":"rrihen-nga-grate-7-burra-marrin-urdher-mbrojtje-ja-ne-cilin-qytet-te-shqiperise","status":"publish","type":"post","link":"https:\/\/jugulajm.net\/?p=58738","title":{"rendered":"Rrihen nga grat\u00eb, 7 burra marrin urdh\u00ebr mbrojtje, ja n\u00eb cilin qytet t\u00eb Shqiperis\u00eb&#8230;"},"content":{"rendered":"<p>N\u00eb Pogradec jan\u00eb l\u00ebshuar 7 urdh\u00ebra mbroje p\u00ebr burrat, kjo pas denoncimeve t\u00eb tyre n\u00eb polici.<\/p>\n<div class=\"insertion-box\">\n<div class=\"\">B\u00ebhet fjal\u00eb p\u00ebr dhun\u00eb fizike dhe psikologjike nga bashk\u00ebshortet e tyre.<\/div>\n<div><\/div>\n<\/div>\n<p>S\u00eb fundmi duket se burrat e kan\u00eb l\u00ebn\u00eb m\u00ebnjan\u00eb krenarin\u00eb e tyre dhe kan\u00eb filluar t\u00eb denoncojn\u00eb k\u00ebt\u00eb dhun\u00eb.<\/p>\n<p>Kjo konfirmohet sipas Ora news edhe nga Arbi Basho Koordinator Vendor Kund\u00ebr Dhun\u00ebs n\u00eb Familje dhe barazis\u00eb Gjinore.<\/p>\n<p>P\u00ebr vitin 2022-23 n\u00eb Pogradec jan\u00eb 7 burra t\u00eb pajisur me urdhra mbrojtje ndaj grave, por ende p\u00ebr ta nuk ka nj\u00eb zyr\u00eb k\u00ebshillimi apo ndihme psikologjike edhe pse strategjia ekziston.<\/p>\n","protected":false},"excerpt":{"rendered":"<p>N\u00eb Pogradec jan\u00eb l\u00ebshuar 7 urdh\u00ebra mbroje p\u00ebr burrat, kjo pas denoncimeve t\u00eb tyre n\u00eb polici. B\u00ebhet fjal\u00eb p\u00ebr dhun\u00eb fizike dhe psikologjike nga bashk\u00ebshortet e tyre. S\u00eb fundmi duket se burrat e kan\u00eb l\u00ebn\u00eb m\u00ebnjan\u00eb krenarin\u00eb e tyre dhe kan\u00eb filluar t\u00eb denoncojn\u00eb k\u00ebt\u00eb dhun\u00eb. Kjo konfirmohet sipas Ora news edhe nga Arbi Basho [&hellip;]<\/p>\n","protected":false},"author":5,"featured_media":52254,"comment_status":"closed","ping_status":"open","sticky":false,"template":"","format":"standard","meta":{"footnotes":""},"categories":[1,6332],"tags":[23175,23176,23174],"class_list":{"0":"post-58738","1":"post","2":"type-post","3":"status-publish","4":"format-standard","5":"has-post-thumbnail","7":"category-aktualitet","8":"category-te-fundit","9":"tag-7-burra-marrin-urdher-mbrojtje","10":"tag-ja-ne-cilin-qytet-te-shqiperise","11":"tag-rrihen-nga-grate"},"_links":{"self":[{"href":"https:\/\/jugulajm.net\/index.php?rest_route=\/wp\/v2\/posts\/58738","targetHints":{"allow":["GET"]}}],"collection":[{"href":"https:\/\/jugulajm.net\/index.php?rest_route=\/wp\/v2\/posts"}],"about":[{"href":"https:\/\/jugulajm.net\/index.php?rest_route=\/wp\/v2\/types\/post"}],"author":[{"embeddable":true,"href":"https:\/\/jugulajm.net\/index.php?rest_route=\/wp\/v2\/users\/5"}],"replies":[{"embeddable":true,"href":"https:\/\/jugulajm.net\/index.php?rest_route=%2Fwp%2Fv2%2Fcomments&post=58738"}],"version-history":[{"count":0,"href":"https:\/\/jugulajm.net\/index.php?rest_route=\/wp\/v2\/posts\/58738\/revisions"}],"wp:featuredmedia":[{"embeddable":true,"href":"https:\/\/jugulajm.net\/index.php?rest_route=\/wp\/v2\/media\/52254"}],"wp:attachment":[{"href":"https:\/\/jugulajm.net\/index.php?rest_route=%2Fwp%2Fv2%2Fmedia&parent=58738"}],"wp:term":[{"taxonomy":"category","embeddable":true,"href":"https:\/\/jugulajm.net\/index.php?rest_route=%2Fwp%2Fv2%2Fcategories&post=58738"},{"taxonomy":"post_tag","embeddable":true,"href":"https:\/\/jugulajm.net\/index.php?rest_route=%2Fwp%2Fv2%2Ftags&post=58738"}],"curies":[{"name":"wp","href":"https:\/\/api.w.org\/{rel}","templated":true}]}}