{"id":58732,"date":"2023-05-04T11:27:24","date_gmt":"2023-05-04T09:27:24","guid":{"rendered":"https:\/\/jugulajm.net\/?p=58732"},"modified":"2023-05-31T09:42:09","modified_gmt":"2023-05-31T07:42:09","slug":"emri-vritet-ne-spanje-29-vjecari-shqiptar","status":"publish","type":"post","link":"https:\/\/jugulajm.net\/?p=58732","title":{"rendered":"EMRI\/ Vritet n\u00eb Spanj\u00eb 29-vje\u00e7ari shqiptar"},"content":{"rendered":"<p>Nj\u00eb i ri shqiptar ka mbetur i vrar\u00eb n\u00eb Spanj\u00eb. Endrit Sinaj, 29 vje\u00e7, u q\u00ebllua me arm\u00eb zjarri m\u00eb 23 Prill, por u identifikua nga autoritetet spanjolle k\u00ebt\u00eb t\u00eb enjte. Mediat iberike shkruajn\u00eb se ai vdiq n\u00eb dyert e urgjenc\u00ebs s\u00eb nj\u00eb spitali n\u00eb Girona.<\/p>\n<p>I riu kishte precedent\u00eb penal\u00eb q\u00eb lidheshin me trafikimin e marijuan\u00ebs dhe vjedhjeve t\u00eb dhunshme n\u00eb Spanj\u00eb e Shqip\u00ebri.<\/p>\n<p>Sipas asaj q\u00eb shkruajn\u00eb mediat spanjolle, Sinaj kishte vet\u00ebm pak dit\u00eb q\u00eb ishte liruar me kusht pasi ishte arrestuar si pjes\u00eb e nj\u00eb operacioni kund\u00ebr trafikut t\u00eb marijuan\u00ebs n\u00eb Marbella.<\/p>\n<p>Sinaj u arrestua s\u00eb bashku me nj\u00eb bashkatdhetar tjet\u00ebr n\u00eb La Selva. Megjithat\u00eb, gjykata n\u00eb Marbella i dha atij lirin\u00eb me kusht. Shoku i tij vijon t\u00eb jet\u00eb ende n\u00eb qeli.<\/p>\n<p>T\u00eb nj\u00ebjtat burime thon\u00eb se ka qen\u00eb nj\u00eb plumb n\u00eb bark q\u00eb i ka marr\u00eb jet\u00ebn 29-vje\u00e7arit.<\/p>\n<p>Dyshohet se autor i k\u00ebsaj ngjarje \u00ebsht\u00eb nj\u00eb shqiptar tjet\u00ebr, por deri m\u00eb tani nuk dihet identiteti i tij. Po ashtu edhe motivi i atentatit \u00ebsht\u00eb ende i panjohur. Autoritetet spanjolle vijojn\u00eb hetimet.<\/p>\n<p>M\u00ebsohet se Sinaj u d\u00ebrgua n\u00eb spital nga nj\u00eb tjet\u00ebr shqiptar.<\/p>\n<p>Ai u identifikua pasi autoritetet pan\u00eb kamerat e siguris\u00eb. Megjithat\u00eb ky person i tret\u00eb nuk ka dh\u00ebn\u00eb shum\u00eb informacione pasi ka shpjeguar se e ka gjetur Sinajn t\u00eb plagosur n\u00eb an\u00eb t\u00eb rrug\u00ebs dhe e ka \u00e7uar n\u00eb urgjenc\u00eb.<\/p>\n<p>Pasi u mor n\u00eb pyetje dhe pasi u ushtrua nj\u00eb kontroll n\u00eb sht\u00ebpin\u00eb e shqiptarit t\u00eb tret\u00eb n\u00eb Tordera, hetuesit dol\u00ebn n\u00eb p\u00ebrfundimin se nuk kishte lidhje me vrasjen.<\/p>\n","protected":false},"excerpt":{"rendered":"<p>Nj\u00eb i ri shqiptar ka mbetur i vrar\u00eb n\u00eb Spanj\u00eb. Endrit Sinaj, 29 vje\u00e7, u q\u00ebllua me arm\u00eb zjarri m\u00eb 23 Prill, por u identifikua nga autoritetet spanjolle k\u00ebt\u00eb t\u00eb enjte. Mediat iberike shkruajn\u00eb se ai vdiq n\u00eb dyert e urgjenc\u00ebs s\u00eb nj\u00eb spitali n\u00eb Girona. I riu kishte precedent\u00eb penal\u00eb q\u00eb lidheshin me trafikimin [&hellip;]<\/p>\n","protected":false},"author":5,"featured_media":58733,"comment_status":"closed","ping_status":"open","sticky":false,"template":"","format":"standard","meta":{"footnotes":""},"categories":[1,7664,6332],"tags":[23170],"class_list":{"0":"post-58732","1":"post","2":"type-post","3":"status-publish","4":"format-standard","5":"has-post-thumbnail","7":"category-aktualitet","8":"category-bota","9":"category-te-fundit","10":"tag-emri-vritet-ne-spanje-29-vjecari-shqiptar"},"_links":{"self":[{"href":"https:\/\/jugulajm.net\/index.php?rest_route=\/wp\/v2\/posts\/58732","targetHints":{"allow":["GET"]}}],"collection":[{"href":"https:\/\/jugulajm.net\/index.php?rest_route=\/wp\/v2\/posts"}],"about":[{"href":"https:\/\/jugulajm.net\/index.php?rest_route=\/wp\/v2\/types\/post"}],"author":[{"embeddable":true,"href":"https:\/\/jugulajm.net\/index.php?rest_route=\/wp\/v2\/users\/5"}],"replies":[{"embeddable":true,"href":"https:\/\/jugulajm.net\/index.php?rest_route=%2Fwp%2Fv2%2Fcomments&post=58732"}],"version-history":[{"count":0,"href":"https:\/\/jugulajm.net\/index.php?rest_route=\/wp\/v2\/posts\/58732\/revisions"}],"wp:featuredmedia":[{"embeddable":true,"href":"https:\/\/jugulajm.net\/index.php?rest_route=\/wp\/v2\/media\/58733"}],"wp:attachment":[{"href":"https:\/\/jugulajm.net\/index.php?rest_route=%2Fwp%2Fv2%2Fmedia&parent=58732"}],"wp:term":[{"taxonomy":"category","embeddable":true,"href":"https:\/\/jugulajm.net\/index.php?rest_route=%2Fwp%2Fv2%2Fcategories&post=58732"},{"taxonomy":"post_tag","embeddable":true,"href":"https:\/\/jugulajm.net\/index.php?rest_route=%2Fwp%2Fv2%2Ftags&post=58732"}],"curies":[{"name":"wp","href":"https:\/\/api.w.org\/{rel}","templated":true}]}}