{"id":58717,"date":"2023-05-03T22:02:40","date_gmt":"2023-05-03T20:02:40","guid":{"rendered":"https:\/\/jugulajm.net\/?p=58717"},"modified":"2023-05-31T09:42:09","modified_gmt":"2023-05-31T07:42:09","slug":"foto-publikohet-foto-e-shqiptarit-qe-rrahu-barbarisht-adoleshentin-grek-per-nje-fanelle-futbolli","status":"publish","type":"post","link":"https:\/\/jugulajm.net\/?p=58717","title":{"rendered":"FOTO\/ Publikohet foto e shqiptarit q\u00eb rrahu barbarisht adoleshentin grek p\u00ebr nj\u00eb fanell\u00eb futbolli"},"content":{"rendered":"<p>Policia greke ka arrestuar nj\u00eb 21-vje\u00e7ar shqiptar dhe mikun e tij, pasi kan\u00eb rrahur nj\u00eb adoleshent, vet\u00ebm pse kishte veshur\u00a0bluz\u00ebn\u00a0e skuadr\u00ebs kund\u00ebrshtare.<\/p>\n<p>B\u00ebhet me dije se 21-vje\u00e7ari dhe miku i tij, pasi kan\u00eb pikasur n\u00eb rrug\u00eb nj\u00eb 16-vje\u00e7ar me bluz\u00ebn e PAOK-ut, e kan\u00eb rrahur at\u00eb. Ngjarja ka ndodhur mbr\u00ebmjen e djeshme, rreth or\u00ebs 23:00 n\u00eb zon\u00ebn e Sarada E\u00e7lesias t\u00eb Selanikut.<\/p>\n<p><img loading=\"lazy\" loading=\"lazy\" decoding=\"async\" class=\"alignnone size-medium wp-image-1527231\" src=\"https:\/\/www.faxweb.al\/wp-content\/uploads\/2023\/05\/21xronos-2-600x312.webp\" sizes=\"auto, (max-width: 600px) 100vw, 600px\" srcset=\"https:\/\/www.faxweb.al\/wp-content\/uploads\/2023\/05\/21xronos-2-600x312.webp 600w, https:\/\/www.faxweb.al\/wp-content\/uploads\/2023\/05\/21xronos-2-800x415.webp 800w, https:\/\/www.faxweb.al\/wp-content\/uploads\/2023\/05\/21xronos-2-768x399.webp 768w, https:\/\/www.faxweb.al\/wp-content\/uploads\/2023\/05\/21xronos-2-750x389.webp 750w, https:\/\/www.faxweb.al\/wp-content\/uploads\/2023\/05\/21xronos-2.webp 880w\" alt=\"\" width=\"600\" height=\"312\" data-pin-no-hover=\"true\" \/><\/p>\n<p>Sipas d\u00ebshmitar\u00ebve okular\u00eb, i mituri \u00ebsht\u00eb dhunuar nga shqiptari dhe nj\u00eb bashk\u00ebpun\u00ebtor me shqelma dhe grushta pasi kishte veshur nj\u00eb xhaket\u00eb me logon e skuadr\u00ebs kund\u00ebrshtare. Pasi e kan\u00eb rrahur e kan\u00eb l\u00ebn\u00eb t\u00eb gjakosur n\u00eb asfalt dhe kan\u00eb ikur. D\u00ebshmitar\u00ebt q\u00eb kan\u00eb v\u00ebn\u00eb re ngjarjen dhe kan\u00eb d\u00ebgjuar z\u00ebrat e t\u00eb riut kan\u00eb lajm\u00ebruar policin\u00eb dhe ambulanc\u00ebn, nd\u00ebrsa 16-vje\u00e7arin e kan\u00eb d\u00ebrguar n\u00eb nj\u00eb farmaci aty pran\u00eb, ku ka mjekuar plag\u00ebt.<\/p>\n<p>Nd\u00ebrkoh\u00eb, 16-vje\u00e7arI i cili mbeti viktim\u00eb e sulmit brutal t\u00eb dy personave p\u00ebr shkak se kishte veshur nj\u00eb xhaket\u00eb me shenjat e skuadr\u00ebs s\u00eb PAOK-ut\u00a0<strong>,<\/strong>\u00a0po trajtohet ende n\u00eb Spitalin e P\u00ebrgjithsh\u00ebm t\u00eb Selanikut \u201cGennimatas\u201d.\u00a0I riu ka p\u00ebsuar dislokim t\u00eb shpatull\u00ebs kur dy sulmuesit e kan\u00eb t\u00ebrhequr befas nga krah\u00ebt p\u00ebr t\u00eb kapur xhaket\u00ebn q\u00eb kishte veshur, nd\u00ebrsa \u00ebsht\u00eb goditur me shkelma dhe grushta disa her\u00eb n\u00eb fytyr\u00eb dhe n\u00eb trup.<\/p>\n","protected":false},"excerpt":{"rendered":"<p>Policia greke ka arrestuar nj\u00eb 21-vje\u00e7ar shqiptar dhe mikun e tij, pasi kan\u00eb rrahur nj\u00eb adoleshent, vet\u00ebm pse kishte veshur\u00a0bluz\u00ebn\u00a0e skuadr\u00ebs kund\u00ebrshtare. B\u00ebhet me dije se 21-vje\u00e7ari dhe miku i tij, pasi kan\u00eb pikasur n\u00eb rrug\u00eb nj\u00eb 16-vje\u00e7ar me bluz\u00ebn e PAOK-ut, e kan\u00eb rrahur at\u00eb. Ngjarja ka ndodhur mbr\u00ebmjen e djeshme, rreth or\u00ebs 23:00 [&hellip;]<\/p>\n","protected":false},"author":5,"featured_media":50166,"comment_status":"closed","ping_status":"open","sticky":false,"template":"","format":"standard","meta":{"footnotes":""},"categories":[1,6332],"tags":[23165],"class_list":{"0":"post-58717","1":"post","2":"type-post","3":"status-publish","4":"format-standard","5":"has-post-thumbnail","7":"category-aktualitet","8":"category-te-fundit","9":"tag-foto-publikohet-foto-e-shqiptarit-qe-rrahu-barbarisht-adoleshentin-grek-per-nje-fanelle-futbolli"},"_links":{"self":[{"href":"https:\/\/jugulajm.net\/index.php?rest_route=\/wp\/v2\/posts\/58717","targetHints":{"allow":["GET"]}}],"collection":[{"href":"https:\/\/jugulajm.net\/index.php?rest_route=\/wp\/v2\/posts"}],"about":[{"href":"https:\/\/jugulajm.net\/index.php?rest_route=\/wp\/v2\/types\/post"}],"author":[{"embeddable":true,"href":"https:\/\/jugulajm.net\/index.php?rest_route=\/wp\/v2\/users\/5"}],"replies":[{"embeddable":true,"href":"https:\/\/jugulajm.net\/index.php?rest_route=%2Fwp%2Fv2%2Fcomments&post=58717"}],"version-history":[{"count":0,"href":"https:\/\/jugulajm.net\/index.php?rest_route=\/wp\/v2\/posts\/58717\/revisions"}],"wp:featuredmedia":[{"embeddable":true,"href":"https:\/\/jugulajm.net\/index.php?rest_route=\/wp\/v2\/media\/50166"}],"wp:attachment":[{"href":"https:\/\/jugulajm.net\/index.php?rest_route=%2Fwp%2Fv2%2Fmedia&parent=58717"}],"wp:term":[{"taxonomy":"category","embeddable":true,"href":"https:\/\/jugulajm.net\/index.php?rest_route=%2Fwp%2Fv2%2Fcategories&post=58717"},{"taxonomy":"post_tag","embeddable":true,"href":"https:\/\/jugulajm.net\/index.php?rest_route=%2Fwp%2Fv2%2Ftags&post=58717"}],"curies":[{"name":"wp","href":"https:\/\/api.w.org\/{rel}","templated":true}]}}