{"id":58655,"date":"2023-05-02T14:10:41","date_gmt":"2023-05-02T12:10:41","guid":{"rendered":"https:\/\/jugulajm.net\/?p=58655"},"modified":"2023-05-31T09:42:10","modified_gmt":"2023-05-31T07:42:10","slug":"luan-nga-fiqiri-kryebashkiaku-socialist-nese-do-te-ishin-gjalle-noli-konica-dhe-luarasi-do-te-ishin-me-ps-dhe-ramen","status":"publish","type":"post","link":"https:\/\/jugulajm.net\/?p=58655","title":{"rendered":"Luan nga fiqiri kryebashkiaku socialist: N\u00ebse do t\u00eb ishin gjall\u00eb Noli, Konica dhe Luarasi do t\u00eb ishin me PS dhe Ram\u00ebn"},"content":{"rendered":"<p>Kryebashkiaku socialist i Kolonj\u00ebs, Erion Isai, \u00ebsht\u00eb shprehur gjat\u00eb nj\u00eb takimi me qytetar\u00ebt, se n\u00ebse Fan Noli, Faik Konica dhe Luarasi do t\u00eb ishin gjall\u00eb, do t\u00eb ishin me Edi Ram\u00ebn dhe PS.<\/p>\n<p>\u201cMua m\u00eb p\u00eblqen shum\u00eb slogani i k\u00ebtij viti se Kolonja e ka treguar q\u00eb ka ditur t\u00eb ec\u00eb vet\u00ebm p\u00ebrpara. Sepse \u00ebsht\u00eb vendi i Petro Nini Luarasit, Fan Nolit, Faik Konic\u00ebs, q\u00eb n\u00ebse do t\u00eb ishin gjall\u00eb do t\u00eb ishin me Edi Ram\u00ebn dhe PS-n\u00eb. Ne po punojm\u00eb p\u00ebr mandatin tuaj t\u00eb kat\u00ebrt. \u00c7far\u00eb ka b\u00ebr\u00eb Rama p\u00ebr Kolonj\u00ebn, nuk e ka b\u00ebr\u00eb asnj\u00eb kryeminist\u00ebr n\u00eb 100 vite t\u00eb shtetit shqiptar\u201d, u shpreh Isai.<\/p>\n","protected":false},"excerpt":{"rendered":"<p>Kryebashkiaku socialist i Kolonj\u00ebs, Erion Isai, \u00ebsht\u00eb shprehur gjat\u00eb nj\u00eb takimi me qytetar\u00ebt, se n\u00ebse Fan Noli, Faik Konica dhe Luarasi do t\u00eb ishin gjall\u00eb, do t\u00eb ishin me Edi Ram\u00ebn dhe PS. \u201cMua m\u00eb p\u00eblqen shum\u00eb slogani i k\u00ebtij viti se Kolonja e ka treguar q\u00eb ka ditur t\u00eb ec\u00eb vet\u00ebm p\u00ebrpara. Sepse \u00ebsht\u00eb [&hellip;]<\/p>\n","protected":false},"author":5,"featured_media":58656,"comment_status":"closed","ping_status":"open","sticky":false,"template":"","format":"standard","meta":{"footnotes":""},"categories":[1,6332],"tags":[23126,23125],"class_list":{"0":"post-58655","1":"post","2":"type-post","3":"status-publish","4":"format-standard","5":"has-post-thumbnail","7":"category-aktualitet","8":"category-te-fundit","9":"tag-konica-dhe-luarasi-do-te-ishin-me-ps-dhe-ramen","10":"tag-luan-nga-fiqiri-kryebashkiaku-socialist-nese-do-te-ishin-gjalle-noli"},"_links":{"self":[{"href":"https:\/\/jugulajm.net\/index.php?rest_route=\/wp\/v2\/posts\/58655","targetHints":{"allow":["GET"]}}],"collection":[{"href":"https:\/\/jugulajm.net\/index.php?rest_route=\/wp\/v2\/posts"}],"about":[{"href":"https:\/\/jugulajm.net\/index.php?rest_route=\/wp\/v2\/types\/post"}],"author":[{"embeddable":true,"href":"https:\/\/jugulajm.net\/index.php?rest_route=\/wp\/v2\/users\/5"}],"replies":[{"embeddable":true,"href":"https:\/\/jugulajm.net\/index.php?rest_route=%2Fwp%2Fv2%2Fcomments&post=58655"}],"version-history":[{"count":0,"href":"https:\/\/jugulajm.net\/index.php?rest_route=\/wp\/v2\/posts\/58655\/revisions"}],"wp:featuredmedia":[{"embeddable":true,"href":"https:\/\/jugulajm.net\/index.php?rest_route=\/wp\/v2\/media\/58656"}],"wp:attachment":[{"href":"https:\/\/jugulajm.net\/index.php?rest_route=%2Fwp%2Fv2%2Fmedia&parent=58655"}],"wp:term":[{"taxonomy":"category","embeddable":true,"href":"https:\/\/jugulajm.net\/index.php?rest_route=%2Fwp%2Fv2%2Fcategories&post=58655"},{"taxonomy":"post_tag","embeddable":true,"href":"https:\/\/jugulajm.net\/index.php?rest_route=%2Fwp%2Fv2%2Ftags&post=58655"}],"curies":[{"name":"wp","href":"https:\/\/api.w.org\/{rel}","templated":true}]}}