{"id":58608,"date":"2023-05-01T15:12:55","date_gmt":"2023-05-01T13:12:55","guid":{"rendered":"https:\/\/jugulajm.net\/?p=58608"},"modified":"2023-05-31T09:42:11","modified_gmt":"2023-05-31T07:42:11","slug":"video-perla-e-rames-cka-zvicra-me-shume-se-ne-pervec-tangerllikut-dhe-faturave-ne-stratosfere","status":"publish","type":"post","link":"https:\/\/jugulajm.net\/?p=58608","title":{"rendered":"VIDEO\/ &#8216;Perla&#8217; e Ram\u00ebs: \u00c7\u2019ka Zvicra m\u00eb shum\u00eb se ne, p\u00ebrve\u00e7 tang\u00ebrllikut dhe faturave n\u00eb stratosfer\u00eb?"},"content":{"rendered":"<p>Kryeministri Edi Rama ka leshuar &#8221;perlen&#8221; e radhes n\u00eb nj\u00eb takim me p\u00ebrfaq\u00ebsues t\u00eb bizneseve n\u00eb Mal\u00ebsin\u00eb e Madhe.<\/p>\n<p>Gjat\u00eb fjal\u00ebs s\u00eb tij, ai u shpreh se Zvicra nuk ka asgj\u00eb m\u00eb shum\u00eb se alpet e Shqip\u00ebris\u00eb, p\u00ebrve\u00e7 tang\u00ebrllikut dhe faktit q\u00eb fatura mund t\u00eb t\u00eb shkoj n\u00eb stratosfer\u00eb.<\/p>\n<p>Per me shume degjojeni dhe shikojeni me ze dhe figure tek videoja e meposhtme\u00a0 kryeministrin Rama:<\/p>\n<div style=\"width: 424px;\" class=\"wp-video\"><!--[if lt IE 9]><script>document.createElement('video');<\/script><![endif]-->\n<video class=\"wp-video-shortcode\" id=\"video-58608-1\" width=\"424\" height=\"240\" preload=\"metadata\" controls=\"controls\"><source type=\"video\/mp4\" src=\"https:\/\/jugulajm.net\/wp-content\/uploads\/2023\/05\/343789109_9172469986128026_6345939411131181469_n.mp4?_=1\" \/><a href=\"https:\/\/jugulajm.net\/wp-content\/uploads\/2023\/05\/343789109_9172469986128026_6345939411131181469_n.mp4\">https:\/\/jugulajm.net\/wp-content\/uploads\/2023\/05\/343789109_9172469986128026_6345939411131181469_n.mp4<\/a><\/video><\/div>\n","protected":false},"excerpt":{"rendered":"<p>Kryeministri Edi Rama ka leshuar &#8221;perlen&#8221; e radhes n\u00eb nj\u00eb takim me p\u00ebrfaq\u00ebsues t\u00eb bizneseve n\u00eb Mal\u00ebsin\u00eb e Madhe. Gjat\u00eb fjal\u00ebs s\u00eb tij, ai u shpreh se Zvicra nuk ka asgj\u00eb m\u00eb shum\u00eb se alpet e Shqip\u00ebris\u00eb, p\u00ebrve\u00e7 tang\u00ebrllikut dhe faktit q\u00eb fatura mund t\u00eb t\u00eb shkoj n\u00eb stratosfer\u00eb. Per me shume degjojeni dhe shikojeni [&hellip;]<\/p>\n","protected":false},"author":5,"featured_media":52528,"comment_status":"closed","ping_status":"open","sticky":false,"template":"","format":"standard","meta":{"footnotes":""},"categories":[1,6332],"tags":[23106,23105],"class_list":{"0":"post-58608","1":"post","2":"type-post","3":"status-publish","4":"format-standard","5":"has-post-thumbnail","7":"category-aktualitet","8":"category-te-fundit","9":"tag-pervec-tangerllikut-dhe-faturave-ne-stratosfere","10":"tag-video-perla-e-rames-cka-zvicra-me-shume-se-ne"},"_links":{"self":[{"href":"https:\/\/jugulajm.net\/index.php?rest_route=\/wp\/v2\/posts\/58608","targetHints":{"allow":["GET"]}}],"collection":[{"href":"https:\/\/jugulajm.net\/index.php?rest_route=\/wp\/v2\/posts"}],"about":[{"href":"https:\/\/jugulajm.net\/index.php?rest_route=\/wp\/v2\/types\/post"}],"author":[{"embeddable":true,"href":"https:\/\/jugulajm.net\/index.php?rest_route=\/wp\/v2\/users\/5"}],"replies":[{"embeddable":true,"href":"https:\/\/jugulajm.net\/index.php?rest_route=%2Fwp%2Fv2%2Fcomments&post=58608"}],"version-history":[{"count":0,"href":"https:\/\/jugulajm.net\/index.php?rest_route=\/wp\/v2\/posts\/58608\/revisions"}],"wp:featuredmedia":[{"embeddable":true,"href":"https:\/\/jugulajm.net\/index.php?rest_route=\/wp\/v2\/media\/52528"}],"wp:attachment":[{"href":"https:\/\/jugulajm.net\/index.php?rest_route=%2Fwp%2Fv2%2Fmedia&parent=58608"}],"wp:term":[{"taxonomy":"category","embeddable":true,"href":"https:\/\/jugulajm.net\/index.php?rest_route=%2Fwp%2Fv2%2Fcategories&post=58608"},{"taxonomy":"post_tag","embeddable":true,"href":"https:\/\/jugulajm.net\/index.php?rest_route=%2Fwp%2Fv2%2Ftags&post=58608"}],"curies":[{"name":"wp","href":"https:\/\/api.w.org\/{rel}","templated":true}]}}