{"id":58593,"date":"2023-05-01T10:41:07","date_gmt":"2023-05-01T08:41:07","guid":{"rendered":"https:\/\/jugulajm.net\/?p=58593"},"modified":"2023-05-31T09:42:11","modified_gmt":"2023-05-31T07:42:11","slug":"foto-presidenti-austriak-udheton-me-tren-dhe-pa-truproja","status":"publish","type":"post","link":"https:\/\/jugulajm.net\/?p=58593","title":{"rendered":"FOTO\/ Presidenti austriak udh\u00ebton me tren dhe pa truproja"},"content":{"rendered":"<p>Presidenti austriak, Alexander Van der Bellen, ka t\u00ebrhequr v\u00ebmendjen e mediave bot\u00ebrore teksa \u00ebsht\u00eb fotografuar, duke pritur trenin p\u00ebr t\u00eb shkuar n\u00eb nj\u00eb vizit\u00eb zyrtare n\u00eb Itali.<\/p>\n<p>Van der Bellen, shihet me valixhe duke pritur t\u00eb udh\u00ebtoj\u00eb p\u00ebr nj\u00eb vizit\u00eb zyrtare ku do t\u00eb takohet me presidentin e Italis\u00eb Sergio Mattarella.<\/p>\n<div class=\"td-a-ad id_inline_ad0 id_ad_content-horiz-center\">\n<div class=\"mobile-hide\" align=\"center\">\n<p style=\"text-align: left;\">Presidenti austriak ndryshe nga homolog\u00ebt e tij n\u00eb shum\u00eb shtete shihet i vet\u00ebm, pa truproja dhe pa eskort duke pritur transportin publik.<\/p>\n<\/div>\n<\/div>\n<p>\u201cPresidenti austriak Alexander Van der Bellen, duke marr\u00eb trenin publik p\u00ebr n\u00eb Itali, p\u00ebr t\u00eb takuar presidentin Sergio Mattarella\u201d, shkruan gazeta austriake Metropole, n\u00eb mbishkrimin e fotos s\u00eb presidentit duke pritur trenin.<\/p>\n","protected":false},"excerpt":{"rendered":"<p>Presidenti austriak, Alexander Van der Bellen, ka t\u00ebrhequr v\u00ebmendjen e mediave bot\u00ebrore teksa \u00ebsht\u00eb fotografuar, duke pritur trenin p\u00ebr t\u00eb shkuar n\u00eb nj\u00eb vizit\u00eb zyrtare n\u00eb Itali. Van der Bellen, shihet me valixhe duke pritur t\u00eb udh\u00ebtoj\u00eb p\u00ebr nj\u00eb vizit\u00eb zyrtare ku do t\u00eb takohet me presidentin e Italis\u00eb Sergio Mattarella. Presidenti austriak ndryshe nga [&hellip;]<\/p>\n","protected":false},"author":5,"featured_media":58594,"comment_status":"closed","ping_status":"open","sticky":false,"template":"","format":"standard","meta":{"footnotes":""},"categories":[1,7664,6332],"tags":[23098],"class_list":{"0":"post-58593","1":"post","2":"type-post","3":"status-publish","4":"format-standard","5":"has-post-thumbnail","7":"category-aktualitet","8":"category-bota","9":"category-te-fundit","10":"tag-foto-presidenti-austriak-udheton-me-tren-dhe-pa-truproja"},"_links":{"self":[{"href":"https:\/\/jugulajm.net\/index.php?rest_route=\/wp\/v2\/posts\/58593","targetHints":{"allow":["GET"]}}],"collection":[{"href":"https:\/\/jugulajm.net\/index.php?rest_route=\/wp\/v2\/posts"}],"about":[{"href":"https:\/\/jugulajm.net\/index.php?rest_route=\/wp\/v2\/types\/post"}],"author":[{"embeddable":true,"href":"https:\/\/jugulajm.net\/index.php?rest_route=\/wp\/v2\/users\/5"}],"replies":[{"embeddable":true,"href":"https:\/\/jugulajm.net\/index.php?rest_route=%2Fwp%2Fv2%2Fcomments&post=58593"}],"version-history":[{"count":0,"href":"https:\/\/jugulajm.net\/index.php?rest_route=\/wp\/v2\/posts\/58593\/revisions"}],"wp:featuredmedia":[{"embeddable":true,"href":"https:\/\/jugulajm.net\/index.php?rest_route=\/wp\/v2\/media\/58594"}],"wp:attachment":[{"href":"https:\/\/jugulajm.net\/index.php?rest_route=%2Fwp%2Fv2%2Fmedia&parent=58593"}],"wp:term":[{"taxonomy":"category","embeddable":true,"href":"https:\/\/jugulajm.net\/index.php?rest_route=%2Fwp%2Fv2%2Fcategories&post=58593"},{"taxonomy":"post_tag","embeddable":true,"href":"https:\/\/jugulajm.net\/index.php?rest_route=%2Fwp%2Fv2%2Ftags&post=58593"}],"curies":[{"name":"wp","href":"https:\/\/api.w.org\/{rel}","templated":true}]}}