{"id":58564,"date":"2023-04-30T13:29:54","date_gmt":"2023-04-30T11:29:54","guid":{"rendered":"https:\/\/jugulajm.net\/?p=58564"},"modified":"2023-05-31T09:42:12","modified_gmt":"2023-05-31T07:42:12","slug":"foto-albert-malaj-ironizon-ramen-inagurove-ujesjellesin-rrugen-per-ne-berat-dhe-bere-aheng-tek-vendi-ku-u-rrezikohet-jeta-njerezve-anes-vjoses","status":"publish","type":"post","link":"https:\/\/jugulajm.net\/?p=58564","title":{"rendered":"FOTO\/Albert Malaj ironizon Ram\u00ebn, inagurove uj\u00ebsjell\u00ebsin, rrug\u00ebn p\u00ebr n\u00eb Berat dhe b\u00ebre aheng tek vendi ku u rrezikohet jeta njer\u00ebzve an\u00ebs Vjos\u00ebs"},"content":{"rendered":"<p>Kandidati i Koalicionit opozitar BASHKE FITOJME per Bashkine Memaliaj Albert Malaj, ka reaguar sot nje dite pas teatrit absurd te Edi Rames, Gjolekes dhe Laertit ne Memaliaj ne turin elektoral te Rilindjes.<\/p>\n<p>Ne nje deklarate te bere prej kandidatit Malaj, ky i fundit nuk ka kursyer ironine ndaj kryeministrit te vendit dhe i numeron atij investimet imagjinare ne shume drejtime te Memaliajt. Nderkohe qe Rama bente aheng me tallava nen shoqerine e Gjolekes, Laertit dhe Mireles ministres se plehrave, nje komunitet i tere u rrezikohet jeta pikerisht ne vendin ku Rama tallej dje me ushtaret e tij.<\/p>\n<p><em><strong>Deklarata e plote e Albert Malaj.<\/strong><\/em><\/p>\n<p><em><strong>Deklarat\u00eb e kandidatit t\u00eb Koalicionit Opozitar BASHK\u00cb FITOJM\u00cb p\u00ebr Bashkin\u00eb e Memaliajt z.Albert Malaj. Nj\u00eb dit\u00eb m\u00eb par\u00eb kryeministri i vendit, b\u00ebri shfaqjen m\u00eb t\u00eb sh\u00ebmtuar n\u00eb Memaliaj n\u00eb vazhd\u00ebn e tureve t\u00eb veta elektorale q\u00eb kan\u00eb n\u00eb fokus mbjelljen e pem\u00ebve. K\u00ebto t\u00eb fundit n\u00eb Memaliaj, Rama i groposi dhe b\u00ebnte aheng duke k\u00ebrcyer dje, an\u00ebs rjedh\u00ebs s\u00eb lumit pik\u00ebrisht n\u00eb vendin ku banor\u00ebt e fshatrave Kall\u00ebmb e Kashisht e ve\u00e7an\u00ebrisht nx\u00ebn\u00ebsit, rrezikojn\u00eb jet\u00ebn e tyre p\u00ebrdit\u00eb duke u varur n\u00eb teleferikun e improvizuar prej vitesh t\u00eb t\u00ebra p\u00ebr t\u00eb kaluar nga nj\u00ebri krah i Vjos\u00ebs n\u00eb tjetrin. P\u00ebr Ram\u00ebn, m\u00eb e leht\u00eb \u00ebsht\u00eb t\u00eb ngul\u00ebsh nj\u00eb pem\u00eb n\u00eb prezenc\u00ebn e kandidatit t\u00eb tij humb\u00ebs dhe deputetit t\u00eb urryer t\u00eb zon\u00ebs, sesa t\u00eb investoj\u00eb p\u00ebr nj\u00eb ur\u00eb q\u00eb do t\u2019u vinte n\u00eb ndihm\u00eb nj\u00eb komuniteti t\u00eb t\u00ebr\u00eb t\u00eb majt\u00eb e t\u00eb djatht\u00eb qofshin. Kryeministri n\u00eb fakt n\u00eb Memaliaj, ka se me \u00e7far\u00eb t\u00eb \u201ckrenohet\u201d sepse Memaliajn e ka b\u00ebr\u00eb me uj\u00eb 24 or\u00eb p\u00ebrmes nj\u00eb fondi prej 4 milion\u00eb eurosh punimet e t\u00eb cilit duhet t\u00eb kishin p\u00ebrfunduar. Ka me \u00e7far\u00eb t\u00eb \u201ckrenohet\u201d sepse dje \u201cp\u00ebruroi\u201d n\u00eb fakt edhe rrug\u00ebn Ballaban-Buz-Berat t\u00eb cil\u00ebn e pati premtuar se do t\u00eb asfaltohej ndon\u00ebse p\u00ebrvit jep 250 milion\u00eb lek p\u00ebr t\u2019a mir\u00ebmbajtur dhe q\u00eb n\u00eb realitet k\u00ebto para, p\u00ebrfundojn\u00eb n\u00eb xhepat e qeveris\u00eb korruptive vendore e q\u00ebndrore sepse asnj\u00eb lopat\u00eb nuk \u00ebsht\u00eb hedhur p\u00ebr mir\u00ebmbajtjen e saj. Pra kryeministri kishte se \u00e7far\u00eb t\u00eb \u201ctregonte\u201d por n\u00eb fakt u tregoi atyre q\u00eb kishte mbledh pas vetes sepse qytetar\u00ebt e Memaliajt e braktis\u00ebn, nj\u00eb zhargon fyerjesh ndaj kund\u00ebrshtar\u00ebve t\u00eb vet politik ashtu sikurse b\u00ebn r\u00ebndom n\u00eb \u00e7do diarre q\u00eb nxjerr nga goja. Memaliaj i dha p\u00ebrgjigjen e merituar dje Ram\u00ebs pasi disa syresh q\u00eb kshin dal\u00eb, ishin pjes\u00eb e administrat\u00ebs s\u00eb kryetarit n\u00eb ikje dhe t\u00eb importuar nga Tepelena e P\u00ebrmeti. Regjimet gjithmon\u00eb th\u00ebrrasin n\u00eb ndihm\u00eb \u201cushtar\u00ebt\u201d e administrat\u00ebs sa her\u00eb q\u00eb u ofron dita e nd\u00ebshkimit p\u00ebr t\u00eb mbushur boshll\u00ebqet nga keq-qeverisja. M\u00eb 14 maj, Memaliaj do t\u00eb \u00e7lirohet nga kjo politik\u00eb q\u00eb e ka mbajtur peng p\u00ebr 10 vjet rresht. <\/strong><\/em><\/p>\n<p><em><strong>Koha po afron! BASHK\u00cb FITOJM\u00cb !<\/strong><\/em><\/p>\n<p><em><strong><img decoding=\"async\" src=\"https:\/\/scontent.ftia14-1.fna.fbcdn.net\/v\/t1.15752-9\/341878753_2916188968514130_3116087354876514730_n.jpg?_nc_cat=110&amp;ccb=1-7&amp;_nc_sid=ae9488&amp;_nc_ohc=sqGTDJgN4Y4AX9G2jqp&amp;_nc_ht=scontent.ftia14-1.fna&amp;oh=03_AdRUMIzitMyStloQaynONHmrwAp2TZbn6lfQm-IICa7Yag&amp;oe=6475C1F1\" alt=\"Nuk ka asnj\u00eb p\u00ebrshkrim t\u00eb disponuesh\u00ebm\" \/><\/strong><\/em><\/p>\n<p>&nbsp;<\/p>\n<p><img decoding=\"async\" src=\"https:\/\/scontent.ftia14-1.fna.fbcdn.net\/v\/t1.15752-9\/341851763_794942901972778_8129828046932937606_n.jpg?_nc_cat=107&amp;ccb=1-7&amp;_nc_sid=ae9488&amp;_nc_ohc=k9DqdnZOyhsAX_Cid-p&amp;_nc_ht=scontent.ftia14-1.fna&amp;oh=03_AdQ0HR5AyRRDGn2iAvP3WXrHSeYk0Lo-UY8217GOZl-B9g&amp;oe=6475C240\" alt=\"Nuk ka asnj\u00eb p\u00ebrshkrim t\u00eb disponuesh\u00ebm\" \/><img decoding=\"async\" src=\"https:\/\/scontent.ftia14-1.fna.fbcdn.net\/v\/t1.15752-9\/341873138_936564224325576_7491981739825397286_n.jpg?_nc_cat=101&amp;ccb=1-7&amp;_nc_sid=ae9488&amp;_nc_ohc=2Gh7ltZ2iioAX-1LH60&amp;_nc_ht=scontent.ftia14-1.fna&amp;oh=03_AdSbNicOPtEBcGkpuJteDQv0t2pa0t_9KArLwuZ7w1uFVg&amp;oe=6475C059\" alt=\"Nuk ka asnj\u00eb p\u00ebrshkrim t\u00eb disponuesh\u00ebm\" \/><\/p>\n","protected":false},"excerpt":{"rendered":"<p>Kandidati i Koalicionit opozitar BASHKE FITOJME per Bashkine Memaliaj Albert Malaj, ka reaguar sot nje dite pas teatrit absurd te Edi Rames, Gjolekes dhe Laertit ne Memaliaj ne turin elektoral te Rilindjes. Ne nje deklarate te bere prej kandidatit Malaj, ky i fundit nuk ka kursyer ironine ndaj kryeministrit te vendit dhe i numeron atij [&hellip;]<\/p>\n","protected":false},"author":5,"featured_media":58565,"comment_status":"closed","ping_status":"open","sticky":false,"template":"","format":"standard","meta":{"footnotes":""},"categories":[6326,6332],"tags":[23086,21916,22471],"class_list":{"0":"post-58564","1":"post","2":"type-post","3":"status-publish","4":"format-standard","5":"has-post-thumbnail","7":"category-politike","8":"category-te-fundit","9":"tag-malaj","10":"tag-memaliaj","11":"tag-rama"},"_links":{"self":[{"href":"https:\/\/jugulajm.net\/index.php?rest_route=\/wp\/v2\/posts\/58564","targetHints":{"allow":["GET"]}}],"collection":[{"href":"https:\/\/jugulajm.net\/index.php?rest_route=\/wp\/v2\/posts"}],"about":[{"href":"https:\/\/jugulajm.net\/index.php?rest_route=\/wp\/v2\/types\/post"}],"author":[{"embeddable":true,"href":"https:\/\/jugulajm.net\/index.php?rest_route=\/wp\/v2\/users\/5"}],"replies":[{"embeddable":true,"href":"https:\/\/jugulajm.net\/index.php?rest_route=%2Fwp%2Fv2%2Fcomments&post=58564"}],"version-history":[{"count":0,"href":"https:\/\/jugulajm.net\/index.php?rest_route=\/wp\/v2\/posts\/58564\/revisions"}],"wp:featuredmedia":[{"embeddable":true,"href":"https:\/\/jugulajm.net\/index.php?rest_route=\/wp\/v2\/media\/58565"}],"wp:attachment":[{"href":"https:\/\/jugulajm.net\/index.php?rest_route=%2Fwp%2Fv2%2Fmedia&parent=58564"}],"wp:term":[{"taxonomy":"category","embeddable":true,"href":"https:\/\/jugulajm.net\/index.php?rest_route=%2Fwp%2Fv2%2Fcategories&post=58564"},{"taxonomy":"post_tag","embeddable":true,"href":"https:\/\/jugulajm.net\/index.php?rest_route=%2Fwp%2Fv2%2Ftags&post=58564"}],"curies":[{"name":"wp","href":"https:\/\/api.w.org\/{rel}","templated":true}]}}