{"id":58533,"date":"2023-04-29T08:32:22","date_gmt":"2023-04-29T06:32:22","guid":{"rendered":"https:\/\/jugulajm.net\/?p=58533"},"modified":"2023-05-31T09:42:13","modified_gmt":"2023-05-31T07:42:13","slug":"lajm-i-fundit-dhendri-i-ve-zjarrin-shtepise-se-vjehrrit-digjet-edhe-shtepia-e-fqinjit-emrat","status":"publish","type":"post","link":"https:\/\/jugulajm.net\/?p=58533","title":{"rendered":"LAJM I FUNDIT\/ Dh\u00ebndri i v\u00eb zjarrin sht\u00ebpis\u00eb s\u00eb vjehrrit, digjet edhe sht\u00ebpia e fqinjit\/ EMRAT"},"content":{"rendered":"<p>Dy sht\u00ebpi jan\u00eb djegur n\u00eb fshatin Llakatund t\u00eb Vlor\u00eb, ku dh\u00ebndrri pasi ka dhunuar familjen e vjehrrit, Lutfi Fanaj dhe i ka v\u00ebn\u00eb zjarrit sht\u00ebpis\u00eb s\u00eb tij.<\/p>\n<p>Nga p\u00ebrhapja e flak\u00ebve, ka marr\u00eb zjarr edhe banesa e fqinjit, Petrit Izetit. Dh\u00ebndrri i familjes \u00ebsht\u00eb nga Kosova.<\/p>\n<p>Dyshohet se zjarri \u00ebsht\u00eb i q\u00ebllimsh\u00ebm pasi ai e ka sp\u00ebrkatur sht\u00ebpin\u00eb me benzin\u00eb.<\/p>\n<p>Burimet e Policis\u00eb s\u00eb Vlor\u00ebs b\u00ebn\u00eb me dije se zjarri \u00ebsht\u00eb q\u00ebllimisht n\u00eb nj\u00eb prej banesave dhe m\u00eb pas ka marr flak\u00eb edhe sht\u00ebpia tjet\u00ebr.<\/p>\n<p>Si rrjedhoj\u00eb e flak\u00ebve jan\u00eb shkrumbuar orendit\u00eb brenda tyre dhe banesat.<\/p>\n<p>Dyshohet se zjarri \u00ebsht\u00eb i q\u00ebllimsh\u00ebm. Po hetohet n\u00eb pist\u00ebn e nj\u00eb konflikti q\u00eb nj\u00ebra prej familjeve ka me ish-dh\u00ebndrin e saj.<\/p>\n<p>Fatmir\u00ebsisht nuk ka persona t\u00eb l\u00ebnduar pasi me t\u00eb par\u00eb flak\u00ebt familjar\u00ebt kan\u00eb dal jasht\u00eb p\u00ebr t\u2019i shp\u00ebtuar dhe kan\u00eb lajm\u00ebruar zjarrfik\u00ebsen.<\/p>\n","protected":false},"excerpt":{"rendered":"<p>Dy sht\u00ebpi jan\u00eb djegur n\u00eb fshatin Llakatund t\u00eb Vlor\u00eb, ku dh\u00ebndrri pasi ka dhunuar familjen e vjehrrit, Lutfi Fanaj dhe i ka v\u00ebn\u00eb zjarrit sht\u00ebpis\u00eb s\u00eb tij. Nga p\u00ebrhapja e flak\u00ebve, ka marr\u00eb zjarr edhe banesa e fqinjit, Petrit Izetit. Dh\u00ebndrri i familjes \u00ebsht\u00eb nga Kosova. Dyshohet se zjarri \u00ebsht\u00eb i q\u00ebllimsh\u00ebm pasi ai e [&hellip;]<\/p>\n","protected":false},"author":5,"featured_media":56139,"comment_status":"closed","ping_status":"open","sticky":false,"template":"","format":"standard","meta":{"footnotes":""},"categories":[1,6332],"tags":[23069,23068],"class_list":{"0":"post-58533","1":"post","2":"type-post","3":"status-publish","4":"format-standard","5":"has-post-thumbnail","7":"category-aktualitet","8":"category-te-fundit","9":"tag-digjet-edhe-shtepia-e-fqinjit-emrat","10":"tag-lajm-i-fundit-dhendri-i-ve-zjarrin-shtepise-se-vjehrrit"},"_links":{"self":[{"href":"https:\/\/jugulajm.net\/index.php?rest_route=\/wp\/v2\/posts\/58533","targetHints":{"allow":["GET"]}}],"collection":[{"href":"https:\/\/jugulajm.net\/index.php?rest_route=\/wp\/v2\/posts"}],"about":[{"href":"https:\/\/jugulajm.net\/index.php?rest_route=\/wp\/v2\/types\/post"}],"author":[{"embeddable":true,"href":"https:\/\/jugulajm.net\/index.php?rest_route=\/wp\/v2\/users\/5"}],"replies":[{"embeddable":true,"href":"https:\/\/jugulajm.net\/index.php?rest_route=%2Fwp%2Fv2%2Fcomments&post=58533"}],"version-history":[{"count":0,"href":"https:\/\/jugulajm.net\/index.php?rest_route=\/wp\/v2\/posts\/58533\/revisions"}],"wp:featuredmedia":[{"embeddable":true,"href":"https:\/\/jugulajm.net\/index.php?rest_route=\/wp\/v2\/media\/56139"}],"wp:attachment":[{"href":"https:\/\/jugulajm.net\/index.php?rest_route=%2Fwp%2Fv2%2Fmedia&parent=58533"}],"wp:term":[{"taxonomy":"category","embeddable":true,"href":"https:\/\/jugulajm.net\/index.php?rest_route=%2Fwp%2Fv2%2Fcategories&post=58533"},{"taxonomy":"post_tag","embeddable":true,"href":"https:\/\/jugulajm.net\/index.php?rest_route=%2Fwp%2Fv2%2Ftags&post=58533"}],"curies":[{"name":"wp","href":"https:\/\/api.w.org\/{rel}","templated":true}]}}