{"id":58476,"date":"2023-04-27T12:10:12","date_gmt":"2023-04-27T10:10:12","guid":{"rendered":"https:\/\/jugulajm.net\/?p=58476"},"modified":"2023-05-31T09:42:14","modified_gmt":"2023-05-31T07:42:14","slug":"emrat-foto-zgjedhjet-ne-greqi-ne-gare-per-deputete-edhe-dy-shqiptare","status":"publish","type":"post","link":"https:\/\/jugulajm.net\/?p=58476","title":{"rendered":"EMRAT-FOTO\/ Zgjedhjet n\u00eb Greqi, n\u00eb gar\u00eb p\u00ebr deputet\u00eb edhe dy shqiptar\u00eb"},"content":{"rendered":"<p>Me 21 maj n\u00eb Greqi do t\u00eb mbahen zgjedhjet parlamentare. Sot n\u00eb prokurorin\u00eb e Gjykat\u00ebs s\u00eb Lart\u00eb kan\u00eb regjistruar pjes\u00ebmarrjen n\u00eb zgjedhjet parlamentare t\u00eb 21 majit 2023 gjithsej 50 parti, koalicione partish dhe kandidat\u00eb individual.<\/p>\n<p>Ajo q\u00eb bie n\u00eb sy \u00ebsht\u00eb se n\u00eb gar\u00eb p\u00ebr t\u00eb fituar nj\u00eb karrige n\u00eb Kuvendin e Greqis\u00eb jan\u00eb edhe dy shqiptar\u00eb, n\u00eb dy partit\u00eb m\u00eb t\u00eb m\u00ebdha t\u00eb vendit.<\/p>\n<p>N\u00eb gar\u00eb jan\u00eb Fatos Malaj dhe Antilian Koxha. Malaj garon n\u00ebn sigl\u00ebn e PASOK, nd\u00ebrsa Antilian Koxha kandidon p\u00ebr her\u00eb t\u00eb par\u00eb n\u00eb zgjedhjet komb\u00ebtare greke me logon e SYRIZA, PS.<\/p>\n<p>I riu shqiptar\u00eb \u00ebsht\u00eb i diplomuar n\u00eb Departamentin e Shkencave Politike t\u00eb Universitetit t\u00eb Kret\u00eb. Po ashtu\u00a0 shqiptari \u00ebsht\u00eb president i Rrjetit t\u00eb Rinis\u00eb me Origjine Emigrante \u201cHorizontes\u201d.<\/p>\n","protected":false},"excerpt":{"rendered":"<p>Me 21 maj n\u00eb Greqi do t\u00eb mbahen zgjedhjet parlamentare. Sot n\u00eb prokurorin\u00eb e Gjykat\u00ebs s\u00eb Lart\u00eb kan\u00eb regjistruar pjes\u00ebmarrjen n\u00eb zgjedhjet parlamentare t\u00eb 21 majit 2023 gjithsej 50 parti, koalicione partish dhe kandidat\u00eb individual. Ajo q\u00eb bie n\u00eb sy \u00ebsht\u00eb se n\u00eb gar\u00eb p\u00ebr t\u00eb fituar nj\u00eb karrige n\u00eb Kuvendin e Greqis\u00eb jan\u00eb edhe [&hellip;]<\/p>\n","protected":false},"author":5,"featured_media":58477,"comment_status":"closed","ping_status":"open","sticky":false,"template":"","format":"standard","meta":{"footnotes":""},"categories":[1,6332],"tags":[23042,23043],"class_list":{"0":"post-58476","1":"post","2":"type-post","3":"status-publish","4":"format-standard","5":"has-post-thumbnail","7":"category-aktualitet","8":"category-te-fundit","9":"tag-emrat-foto-zgjedhjet-ne-greqi","10":"tag-ne-gare-per-deputete-edhe-dy-shqiptare"},"_links":{"self":[{"href":"https:\/\/jugulajm.net\/index.php?rest_route=\/wp\/v2\/posts\/58476","targetHints":{"allow":["GET"]}}],"collection":[{"href":"https:\/\/jugulajm.net\/index.php?rest_route=\/wp\/v2\/posts"}],"about":[{"href":"https:\/\/jugulajm.net\/index.php?rest_route=\/wp\/v2\/types\/post"}],"author":[{"embeddable":true,"href":"https:\/\/jugulajm.net\/index.php?rest_route=\/wp\/v2\/users\/5"}],"replies":[{"embeddable":true,"href":"https:\/\/jugulajm.net\/index.php?rest_route=%2Fwp%2Fv2%2Fcomments&post=58476"}],"version-history":[{"count":0,"href":"https:\/\/jugulajm.net\/index.php?rest_route=\/wp\/v2\/posts\/58476\/revisions"}],"wp:featuredmedia":[{"embeddable":true,"href":"https:\/\/jugulajm.net\/index.php?rest_route=\/wp\/v2\/media\/58477"}],"wp:attachment":[{"href":"https:\/\/jugulajm.net\/index.php?rest_route=%2Fwp%2Fv2%2Fmedia&parent=58476"}],"wp:term":[{"taxonomy":"category","embeddable":true,"href":"https:\/\/jugulajm.net\/index.php?rest_route=%2Fwp%2Fv2%2Fcategories&post=58476"},{"taxonomy":"post_tag","embeddable":true,"href":"https:\/\/jugulajm.net\/index.php?rest_route=%2Fwp%2Fv2%2Ftags&post=58476"}],"curies":[{"name":"wp","href":"https:\/\/api.w.org\/{rel}","templated":true}]}}