{"id":58459,"date":"2023-04-26T21:39:28","date_gmt":"2023-04-26T19:39:28","guid":{"rendered":"https:\/\/jugulajm.net\/?p=58459"},"modified":"2023-05-31T09:42:14","modified_gmt":"2023-05-31T07:42:14","slug":"moderatorja-ofendon-rende-luizin-ka-mentalitet-fshataresk","status":"publish","type":"post","link":"https:\/\/jugulajm.net\/?p=58459","title":{"rendered":"Moderatorja ofendon r\u00ebnd\u00eb Luizin: Ka mentalitet fshataresk"},"content":{"rendered":"<p>Moderatorja Albana Bejko ka komentuar deklaratat fyese t\u00eb Luiz Ejllit ndaj banores s\u00eb Big Brother, Efit.<\/p>\n<p>Ajo i quajti si t\u00eb prapambetura deklaratat e tij i cili n\u00eb Prime-ine djesh\u00ebm akuzoi Efin se vjen nga \u201cP\u00ebrputhen\u201d dhe se nuk \u00ebsht\u00eb nj\u00eb person q\u00eb dikush t\u00eb jet\u00eb krenar p\u00ebr ta patur \u00a0mot\u00ebr, nd\u00ebrsa \u00a0Luizin e ka cil\u00ebsuar si nj\u00eb mashkull me mentalitet periferik.<\/p>\n<p>\u201cAi \u00ebsht\u00eb rritur n\u00eb nj\u00eb rreth pak periferik, pak provincial. Dhe nuk flas p\u00ebr Shkodr\u00ebn se e konsiderojm\u00eb djep t\u00eb kultur\u00ebs, por komunitetin ku \u00ebsht\u00eb rritur\u201d, u shpreh ajo n\u00eb \u201cFtes\u00eb n\u00eb 5\u201d.<\/p>\n","protected":false},"excerpt":{"rendered":"<p>Moderatorja Albana Bejko ka komentuar deklaratat fyese t\u00eb Luiz Ejllit ndaj banores s\u00eb Big Brother, Efit. Ajo i quajti si t\u00eb prapambetura deklaratat e tij i cili n\u00eb Prime-ine djesh\u00ebm akuzoi Efin se vjen nga \u201cP\u00ebrputhen\u201d dhe se nuk \u00ebsht\u00eb nj\u00eb person q\u00eb dikush t\u00eb jet\u00eb krenar p\u00ebr ta patur \u00a0mot\u00ebr, nd\u00ebrsa \u00a0Luizin e ka [&hellip;]<\/p>\n","protected":false},"author":5,"featured_media":58460,"comment_status":"closed","ping_status":"open","sticky":false,"template":"","format":"standard","meta":{"footnotes":""},"categories":[1,6332],"tags":[23037],"class_list":{"0":"post-58459","1":"post","2":"type-post","3":"status-publish","4":"format-standard","5":"has-post-thumbnail","7":"category-aktualitet","8":"category-te-fundit","9":"tag-moderatorja-ofendon-rende-luizin-ka-mentalitet-fshataresk"},"_links":{"self":[{"href":"https:\/\/jugulajm.net\/index.php?rest_route=\/wp\/v2\/posts\/58459","targetHints":{"allow":["GET"]}}],"collection":[{"href":"https:\/\/jugulajm.net\/index.php?rest_route=\/wp\/v2\/posts"}],"about":[{"href":"https:\/\/jugulajm.net\/index.php?rest_route=\/wp\/v2\/types\/post"}],"author":[{"embeddable":true,"href":"https:\/\/jugulajm.net\/index.php?rest_route=\/wp\/v2\/users\/5"}],"replies":[{"embeddable":true,"href":"https:\/\/jugulajm.net\/index.php?rest_route=%2Fwp%2Fv2%2Fcomments&post=58459"}],"version-history":[{"count":0,"href":"https:\/\/jugulajm.net\/index.php?rest_route=\/wp\/v2\/posts\/58459\/revisions"}],"wp:featuredmedia":[{"embeddable":true,"href":"https:\/\/jugulajm.net\/index.php?rest_route=\/wp\/v2\/media\/58460"}],"wp:attachment":[{"href":"https:\/\/jugulajm.net\/index.php?rest_route=%2Fwp%2Fv2%2Fmedia&parent=58459"}],"wp:term":[{"taxonomy":"category","embeddable":true,"href":"https:\/\/jugulajm.net\/index.php?rest_route=%2Fwp%2Fv2%2Fcategories&post=58459"},{"taxonomy":"post_tag","embeddable":true,"href":"https:\/\/jugulajm.net\/index.php?rest_route=%2Fwp%2Fv2%2Ftags&post=58459"}],"curies":[{"name":"wp","href":"https:\/\/api.w.org\/{rel}","templated":true}]}}