{"id":58445,"date":"2023-04-26T16:19:18","date_gmt":"2023-04-26T14:19:18","guid":{"rendered":"https:\/\/jugulajm.net\/?p=58445"},"modified":"2023-05-31T09:42:14","modified_gmt":"2023-05-31T07:42:14","slug":"efi-i-ve-vulen-marredhenieve-me-luizin-sdua-te-kem-te-bej-me-te-as-ketu-brenda-e-as-jashte","status":"publish","type":"post","link":"https:\/\/jugulajm.net\/?p=58445","title":{"rendered":"Efi i v\u00eb &#8221;vul\u00ebn&#8221; marr\u00ebdh\u00ebnieve me Luizin: S&#8217;dua t\u00eb kem t\u00eb b\u00ebj me t\u00eb, as k\u00ebtu brenda e as jasht\u00eb"},"content":{"rendered":"<p>Pas spektaklit t\u00eb mbr\u00ebmsh\u00ebm t\u00eb \u2018Big Brother VIP\u2019 duket se Efi i ka vendosur kapakun marr\u00ebdh\u00ebnieve me Luizin.<\/p>\n<p>N\u00eb Prime, pas transmetimit t\u00eb klipit ku k\u00ebng\u00ebtari e komentonte p\u00ebr pjes\u00ebmarrjen e saj n\u00eb P\u00ebr\u2019puthen, Efi ka hequr p\u00ebrfundimisht dor\u00eb prej tij.<\/p>\n<p>Ajo \u00ebsht\u00eb shprehur se as brenda sht\u00ebpis\u00eb dhe as jasht\u00eb saj gj\u00ebrat do jen\u00eb t\u00eb prera.<\/p>\n<p>\u201cMe mua gj\u00ebrat i ka prer\u00eb edhe nuk dua t\u00eb kem t\u00eb b\u00ebj me te as k\u00ebtu brenda as jasht\u00eb. Kush \u00ebsht\u00eb Luizi n\u00eb nj\u00eb marrdh\u00ebnie shoq\u00ebrore si kjo e jona q\u00eb t\u00eb m\u00eb tregoj mua antivlerat.\u201d- tha Efi.<\/p>\n<p>Nuk dihet n\u00ebse e ka patur fjal\u00ebn p\u00ebr shoq\u00ebrin\u00eb e tyre apo thjesht p\u00ebr t\u2019i treguar kufirin Luizit, ama u pa qart\u00eb se Efi u ndje shum\u00eb e ofenduar prej tij.<\/p>\n<p>Kujtojm\u00eb q\u00eb Efi, Luizi dhe Kiara kan\u00eb patur nj\u00eb shoq\u00ebri shum\u00eb t\u00eb mir\u00eb me nj\u00ebri-tjetrin deri n\u00eb momentin q\u00eb dy vajzat pat\u00ebn nj\u00eb konfiikt duke ndikuar k\u00ebshtu drejt\u00ebp\u00ebrdrejt\u00eb n\u00eb raportin mes dyshes, t\u00eb cil\u00ebt aktualisht jan\u00eb edhe finalist.<\/p>\n","protected":false},"excerpt":{"rendered":"<p>Pas spektaklit t\u00eb mbr\u00ebmsh\u00ebm t\u00eb \u2018Big Brother VIP\u2019 duket se Efi i ka vendosur kapakun marr\u00ebdh\u00ebnieve me Luizin. N\u00eb Prime, pas transmetimit t\u00eb klipit ku k\u00ebng\u00ebtari e komentonte p\u00ebr pjes\u00ebmarrjen e saj n\u00eb P\u00ebr\u2019puthen, Efi ka hequr p\u00ebrfundimisht dor\u00eb prej tij. Ajo \u00ebsht\u00eb shprehur se as brenda sht\u00ebpis\u00eb dhe as jasht\u00eb saj gj\u00ebrat do jen\u00eb [&hellip;]<\/p>\n","protected":false},"author":5,"featured_media":57799,"comment_status":"closed","ping_status":"open","sticky":false,"template":"","format":"standard","meta":{"footnotes":""},"categories":[1,6332],"tags":[23030,23029],"class_list":{"0":"post-58445","1":"post","2":"type-post","3":"status-publish","4":"format-standard","5":"has-post-thumbnail","7":"category-aktualitet","8":"category-te-fundit","9":"tag-as-ketu-brenda-e-as-jashte","10":"tag-efi-i-ve-vulen-marredhenieve-me-luizin-sdua-te-kem-te-bej-me-te"},"_links":{"self":[{"href":"https:\/\/jugulajm.net\/index.php?rest_route=\/wp\/v2\/posts\/58445","targetHints":{"allow":["GET"]}}],"collection":[{"href":"https:\/\/jugulajm.net\/index.php?rest_route=\/wp\/v2\/posts"}],"about":[{"href":"https:\/\/jugulajm.net\/index.php?rest_route=\/wp\/v2\/types\/post"}],"author":[{"embeddable":true,"href":"https:\/\/jugulajm.net\/index.php?rest_route=\/wp\/v2\/users\/5"}],"replies":[{"embeddable":true,"href":"https:\/\/jugulajm.net\/index.php?rest_route=%2Fwp%2Fv2%2Fcomments&post=58445"}],"version-history":[{"count":0,"href":"https:\/\/jugulajm.net\/index.php?rest_route=\/wp\/v2\/posts\/58445\/revisions"}],"wp:featuredmedia":[{"embeddable":true,"href":"https:\/\/jugulajm.net\/index.php?rest_route=\/wp\/v2\/media\/57799"}],"wp:attachment":[{"href":"https:\/\/jugulajm.net\/index.php?rest_route=%2Fwp%2Fv2%2Fmedia&parent=58445"}],"wp:term":[{"taxonomy":"category","embeddable":true,"href":"https:\/\/jugulajm.net\/index.php?rest_route=%2Fwp%2Fv2%2Fcategories&post=58445"},{"taxonomy":"post_tag","embeddable":true,"href":"https:\/\/jugulajm.net\/index.php?rest_route=%2Fwp%2Fv2%2Ftags&post=58445"}],"curies":[{"name":"wp","href":"https:\/\/api.w.org\/{rel}","templated":true}]}}