{"id":58434,"date":"2023-04-26T11:53:35","date_gmt":"2023-04-26T09:53:35","guid":{"rendered":"https:\/\/jugulajm.net\/?p=58434"},"modified":"2023-05-31T09:42:15","modified_gmt":"2023-05-31T07:42:15","slug":"gazetarja-e-kronikes-klodiana-lala-zberthen-zhdukjen-e-dy-46-vjecareve-ne-sarande","status":"publish","type":"post","link":"https:\/\/jugulajm.net\/?p=58434","title":{"rendered":"Gazetarja e kronik\u00ebs Klodiana Lala \u201czb\u00ebrthen\u201d zhdukjen e dy 46-vje\u00e7ar\u00ebve n\u00eb Sarand\u00eb"},"content":{"rendered":"<p>Gazetarja Klodiana Lala ka th\u00ebn\u00eb se beson se dy 46-vje\u00e7ar\u00ebt e zhdukur n\u00eb Sarand\u00eb, jan\u00eb vrar\u00eb dhe groposur n\u00eb nj\u00eb fshat.<\/p>\n<p>Sipas Lal\u00ebs, policia po vijon hetimet p\u00ebr gjetjen e trupave t\u00eb dy personave t\u00eb zhdukur n\u00eb fshatin Vrin\u00eb, pasi besohet se ata mund t\u00eb jen\u00eb groposur nga vras\u00ebsit e tyre n\u00eb at\u00eb zon\u00eb.<\/p>\n<div class=\"insertion-box\">\n<div id=\"MDA8604\" class=\"\" data-adid=\"mda117905\" data-netid=\"137356148\" data-sizes=\"300x250\" data-google-query-id=\"CJyJr_aix_4CFRnKuwgdPhoLeA\">\n<div id=\"google_ads_iframe_\/137356148\/mda117905_0__container__\">Komentet Lala i b\u00ebri teksa ishte e ftuar n\u00eb emisionin \u201cOpen\u201d n\u00eb News 24, ku zbuloi detaje t\u00eb reja nga zhdukja e befasishme e tyre.<\/div>\n<\/div>\n<\/div>\n<p>Lala tha se dy t\u00eb zhdukurit kan\u00eb qen\u00eb n\u00eb konflikt p\u00ebr nj\u00eb \u00e7\u00ebshtje pron\u00ebsie dhe l\u00ebnd\u00eb narkotike me grupe t\u00eb tjera kriminale.<\/p>\n<p>Ajo shtoi se personi i njohur me nofk\u00ebn \u201cKo\u00e7olja\u201d nuk ka marr\u00eb drog\u00ebn e premtuar nga grupi dhe i ka k\u00ebrc\u00ebnuar ata se do tregoj\u00eb n\u00eb polici dhe kjo sipas saj mund t\u00eb ket\u00eb sjell\u00eb rr\u00ebmbimin dhe eliminimin e tyre.<\/p>\n<p>\u201cPolicia vijon k\u00ebrkimet p\u00ebr trupat e dy personave t\u00eb zhdukur n\u00eb fshatin Vrin\u00eb, ku besohet se ata mund t\u00eb jen\u00eb groposur. Dy personat jan\u00eb zhdukur n\u00eb 6 prill dhe p\u00ebr 4 dit\u00eb familjar\u00ebt nuk i kan\u00eb denoncuar pasi nuk ishte hera e par\u00eb q\u00eb jan\u00eb larguar. Policia ka sekuestruar deri tani 8 automjete, ku nj\u00ebri \u00ebsht\u00eb konfirmuar q\u00eb \u00ebsht\u00eb p\u00ebrdorur p\u00ebr rr\u00ebmbimin e tyre.<\/p>\n<p>Sulovari ka pasur arm\u00eb me vete kur \u00ebsht\u00eb takuar me mikun e tij p\u00ebr t\u00eb sqaruar debatet me nj\u00eb grup kriminal p\u00ebr shitblerjen e nj\u00eb toke. Nj\u00eb kamer\u00eb ka kapur momentet e fundit para zhdukjes t\u00eb Ko\u00e7oles ku ai duket i qet\u00eb n\u00eb nj\u00eb makin\u00eb. Besohet se jan\u00eb d\u00ebrguar n\u00eb nj\u00eb fshat n\u00eb kufirin Shqip\u00ebri-Greqi, dhe aty jan\u00eb groposur.<\/p>\n<p>Asnj\u00eb pist\u00eb nuk p\u00ebrjashtohet p\u00ebr 2 personat. Autor\u00ebt e dyshuar mendohet se jan\u00eb dy an\u00ebtar\u00eb grupi nga Saranda dhe t\u00eb tjer\u00ebt jan\u00eb nga veriu i vendit. Konflikti ka nisur p\u00ebr pron\u00ebn. \u00cbsht\u00eb zbuluar se kur Ko\u00e7olja nuk ka marr\u00eb drog\u00ebn e premtuar nga grupi ai i ka k\u00ebrc\u00ebnuar ata se do tregoj\u00eb n\u00eb polici, gj\u00eb q\u00eb dyshohet se mund t\u00eb ket\u00eb sjell\u00eb rr\u00ebmbimin. Ka t\u00eb pakt\u00ebn 3 persona t\u00eb skeduar n\u00eb pamjet filmike. Fakti q\u00eb ka disa t\u00eb dyshuar, ka qeliza telefonike, mjeti ku jan\u00eb rr\u00ebmbyer \u00ebsht\u00eb vjedhur n\u00eb Tiran\u00eb. Dyshohet se \u00ebsht\u00eb nj\u00eb grup i organizuar kriminal\u201d, tha Lala.<\/p>\n","protected":false},"excerpt":{"rendered":"<p>Gazetarja Klodiana Lala ka th\u00ebn\u00eb se beson se dy 46-vje\u00e7ar\u00ebt e zhdukur n\u00eb Sarand\u00eb, jan\u00eb vrar\u00eb dhe groposur n\u00eb nj\u00eb fshat. Sipas Lal\u00ebs, policia po vijon hetimet p\u00ebr gjetjen e trupave t\u00eb dy personave t\u00eb zhdukur n\u00eb fshatin Vrin\u00eb, pasi besohet se ata mund t\u00eb jen\u00eb groposur nga vras\u00ebsit e tyre n\u00eb at\u00eb zon\u00eb. Komentet [&hellip;]<\/p>\n","protected":false},"author":5,"featured_media":58343,"comment_status":"closed","ping_status":"open","sticky":false,"template":"","format":"standard","meta":{"footnotes":""},"categories":[1,6332],"tags":[23022],"class_list":{"0":"post-58434","1":"post","2":"type-post","3":"status-publish","4":"format-standard","5":"has-post-thumbnail","7":"category-aktualitet","8":"category-te-fundit","9":"tag-gazetarja-e-kronikes-klodiana-lala-zberthen-zhdukjen-e-dy-46-vjecareve-ne-sarande"},"_links":{"self":[{"href":"https:\/\/jugulajm.net\/index.php?rest_route=\/wp\/v2\/posts\/58434","targetHints":{"allow":["GET"]}}],"collection":[{"href":"https:\/\/jugulajm.net\/index.php?rest_route=\/wp\/v2\/posts"}],"about":[{"href":"https:\/\/jugulajm.net\/index.php?rest_route=\/wp\/v2\/types\/post"}],"author":[{"embeddable":true,"href":"https:\/\/jugulajm.net\/index.php?rest_route=\/wp\/v2\/users\/5"}],"replies":[{"embeddable":true,"href":"https:\/\/jugulajm.net\/index.php?rest_route=%2Fwp%2Fv2%2Fcomments&post=58434"}],"version-history":[{"count":0,"href":"https:\/\/jugulajm.net\/index.php?rest_route=\/wp\/v2\/posts\/58434\/revisions"}],"wp:featuredmedia":[{"embeddable":true,"href":"https:\/\/jugulajm.net\/index.php?rest_route=\/wp\/v2\/media\/58343"}],"wp:attachment":[{"href":"https:\/\/jugulajm.net\/index.php?rest_route=%2Fwp%2Fv2%2Fmedia&parent=58434"}],"wp:term":[{"taxonomy":"category","embeddable":true,"href":"https:\/\/jugulajm.net\/index.php?rest_route=%2Fwp%2Fv2%2Fcategories&post=58434"},{"taxonomy":"post_tag","embeddable":true,"href":"https:\/\/jugulajm.net\/index.php?rest_route=%2Fwp%2Fv2%2Ftags&post=58434"}],"curies":[{"name":"wp","href":"https:\/\/api.w.org\/{rel}","templated":true}]}}