{"id":58425,"date":"2023-04-26T08:58:06","date_gmt":"2023-04-26T06:58:06","guid":{"rendered":"https:\/\/jugulajm.net\/?p=58425"},"modified":"2023-05-31T09:42:15","modified_gmt":"2023-05-31T07:42:15","slug":"moti-sot-reshje-dhe-vranesira-13","status":"publish","type":"post","link":"https:\/\/jugulajm.net\/?p=58425","title":{"rendered":"Moti sot\/ Reshje dhe vran\u00ebsira"},"content":{"rendered":"<p>Gjat\u00eb pasdites parashikohet q\u00eb vendi yn\u00eb t\u00eb jet\u00eb n\u00ebn dominimin e vran\u00ebsirave t\u00eb shpeshta n\u00eb t\u00eb gjith\u00eb territorin. Pritet q\u00eb vran\u00ebsirat her\u00eb pas here t\u00eb zhvillohen p\u00ebrkoh\u00ebsisht dhe do t\u00eb sjellin reshje afatshkurtra shiu, ku do t\u00eb ket\u00eb dhe rrebeshe shiu n\u00eb Veri t\u00eb vendit.<\/p>\n<div class=\"jeg_ad jeg_ad_article jnews_content_inline_ads\">\n<div class=\"ads-wrapper align-center\">\n<div class=\"ads_code\">Nd\u00ebrsa mbr\u00ebmja dhe nata von\u00eb do t\u00eb sjellin p\u00ebrmir\u00ebsim t\u00eb kushteve t\u00eb motit duke b\u00ebr\u00eb q\u00eb t\u00eb ket\u00eb nd\u00ebrprerje t\u00eb reshjeve dhe do t\u2019i largojn\u00eb vran\u00ebsirat e shumta drejt\u00eb kufirit Lindor.<\/div>\n<\/div>\n<\/div>\n<div class=\"jeg_ad jeg_ad_article jnews_content_inline_2_ads\">\n<div class=\"ads-wrapper align-center\">\n<div class=\"ads_code\"><\/div>\n<\/div>\n<\/div>\n<p>Sipas MeteoAlb, temperaturat e ajrit do t\u00eb ulen n\u00eb m\u00ebngjes dhe n\u00eb mesdit\u00eb duke u luhatur nga 2\u00b0C deri n\u00eb 21\u00b0C.<\/p>\n<p>Era do t\u00eb fryj\u00eb e leht\u00eb dhe mesatare n\u00eb det me shpejt\u00ebsi 40 km\/h kryesisht nga drejtimi Veriper\u00ebndimor duke sjell\u00eb n\u00eb brigjet detare dallg\u00ebzim 3 ball\u00eb.<\/p>\n","protected":false},"excerpt":{"rendered":"<p>Gjat\u00eb pasdites parashikohet q\u00eb vendi yn\u00eb t\u00eb jet\u00eb n\u00ebn dominimin e vran\u00ebsirave t\u00eb shpeshta n\u00eb t\u00eb gjith\u00eb territorin. Pritet q\u00eb vran\u00ebsirat her\u00eb pas here t\u00eb zhvillohen p\u00ebrkoh\u00ebsisht dhe do t\u00eb sjellin reshje afatshkurtra shiu, ku do t\u00eb ket\u00eb dhe rrebeshe shiu n\u00eb Veri t\u00eb vendit. Nd\u00ebrsa mbr\u00ebmja dhe nata von\u00eb do t\u00eb sjellin p\u00ebrmir\u00ebsim t\u00eb [&hellip;]<\/p>\n","protected":false},"author":5,"featured_media":55361,"comment_status":"closed","ping_status":"open","sticky":false,"template":"","format":"standard","meta":{"footnotes":""},"categories":[7650,6332],"tags":[22083],"class_list":{"0":"post-58425","1":"post","2":"type-post","3":"status-publish","4":"format-standard","5":"has-post-thumbnail","7":"category-moti","8":"category-te-fundit","9":"tag-moti-sot-reshje-dhe-vranesira"},"_links":{"self":[{"href":"https:\/\/jugulajm.net\/index.php?rest_route=\/wp\/v2\/posts\/58425","targetHints":{"allow":["GET"]}}],"collection":[{"href":"https:\/\/jugulajm.net\/index.php?rest_route=\/wp\/v2\/posts"}],"about":[{"href":"https:\/\/jugulajm.net\/index.php?rest_route=\/wp\/v2\/types\/post"}],"author":[{"embeddable":true,"href":"https:\/\/jugulajm.net\/index.php?rest_route=\/wp\/v2\/users\/5"}],"replies":[{"embeddable":true,"href":"https:\/\/jugulajm.net\/index.php?rest_route=%2Fwp%2Fv2%2Fcomments&post=58425"}],"version-history":[{"count":0,"href":"https:\/\/jugulajm.net\/index.php?rest_route=\/wp\/v2\/posts\/58425\/revisions"}],"wp:featuredmedia":[{"embeddable":true,"href":"https:\/\/jugulajm.net\/index.php?rest_route=\/wp\/v2\/media\/55361"}],"wp:attachment":[{"href":"https:\/\/jugulajm.net\/index.php?rest_route=%2Fwp%2Fv2%2Fmedia&parent=58425"}],"wp:term":[{"taxonomy":"category","embeddable":true,"href":"https:\/\/jugulajm.net\/index.php?rest_route=%2Fwp%2Fv2%2Fcategories&post=58425"},{"taxonomy":"post_tag","embeddable":true,"href":"https:\/\/jugulajm.net\/index.php?rest_route=%2Fwp%2Fv2%2Ftags&post=58425"}],"curies":[{"name":"wp","href":"https:\/\/api.w.org\/{rel}","templated":true}]}}