{"id":58412,"date":"2023-04-25T19:21:58","date_gmt":"2023-04-25T17:21:58","guid":{"rendered":"https:\/\/jugulajm.net\/?p=58412"},"modified":"2023-05-31T09:42:15","modified_gmt":"2023-05-31T07:42:15","slug":"video-kandidati-i-opozites-malaj-denoncon-mesjeta-troket-ne-rabie-te-memaliaj-fshat-pa-rruge-pa-shkolle-pa-qender-shendetesore-pa-uje","status":"publish","type":"post","link":"https:\/\/jugulajm.net\/?p=58412","title":{"rendered":"VIDEO\/ Kandidati i opozit\u00ebs Malaj denoncon: Mesjeta &#8216;troket&#8217; n\u00eb Rabie t\u00eb Memaliaj, fshat pa rrug\u00eb, pa shkoll\u00eb, pa qend\u00ebr shendet\u00ebsore, pa uj\u00eb"},"content":{"rendered":"<div class=\"x11i5rnm xat24cr x1mh8g0r x1vvkbs xdj266r x126k92a\">\n<div dir=\"auto\">Kandidati i opozites per Bashkine Memaliaj, Albert Malaj, ka denoncuar mjerimin mesjetar ne fshatin Rabie te Memaliajt.<\/div>\n<div dir=\"auto\"><\/div>\n<div dir=\"auto\">Permes pamjeve filmike, kandidati Malaj ka treguar situaten skandaloze qe komuniteti i atij fshati po &#8221;shijon&#8221; fale Rilindjes.<\/div>\n<div dir=\"auto\"><\/div>\n<div dir=\"auto\"><strong>Ja reagimi i plote i Kandidatin te opozites Malaj:<\/strong><\/div>\n<div dir=\"auto\"><\/div>\n<div dir=\"auto\">N\u00eb Fshatin RABIE<\/div>\n<div dir=\"auto\"><\/div>\n<\/div>\n<div class=\"x11i5rnm xat24cr x1mh8g0r x1vvkbs xtlvy1s x126k92a\">\n<div dir=\"auto\">Fshati Rabie daton qysh nga shekulli i III-t\u00eb p.e.s me kalan\u00eb e Gradisht\u00ebs me fisin ilir t\u00eb Atintan\u00ebve.<\/div>\n<div dir=\"auto\"><\/div>\n<div dir=\"auto\">Studimet e Prof. Hasan Cek\u00ebs, Skender Anamalit dhe Neritan Cek\u00ebs hedhin drit\u00eb mbi k\u00ebt\u00eb vendbanim t\u00eb lasht\u00eb t\u00eb Iliris\u00eb s\u00eb Jugut. Prej vitit 1928 deri n\u00eb vitin 1943 krahina e Buzit quhej Komuna Rabie me qend\u00ebr n\u00eb Buz n\u00eb respekt t\u00eb lasht\u00ebsis\u00eb s\u00eb fshatit Rabie.<\/div>\n<div dir=\"auto\"><\/div>\n<div dir=\"auto\">Rabia ka marre pjes\u00eb masivisht n\u00eb luftrat antiosmane dhe n\u00eb luft\u00ebn Antifashiste. Mbi 70 djem e burra u radhit\u00ebn n\u00eb luft\u00ebn antifashiste dhe 7 prej tyre jan\u00eb d\u00ebshmor\u00eb t\u00eb Atdheut.<\/div>\n<div dir=\"auto\">80 vjetori i realizimit t\u00eb masakr\u00ebs s\u00eb realizuar tek Teqeja e Rabies e gjen fshatin Rabie n\u00eb mjerim, n\u00eb g\u00ebrmadh\u00eb. Fshat pa rrug\u00eb, pa shkoll\u00eb, pa qend\u00ebr shendet\u00ebsore, pa uj\u00eb, pa aktivitetet treg\u00ebtare duke krijuar mund\u00ebsit\u00eb p\u00ebr nj\u00eb emigracion masiv. Shumica e sht\u00ebpive jan\u00eb t\u00eb mbuluara me eternit, material kancerogjen.<\/div>\n<div dir=\"auto\"><\/div>\n<div dir=\"auto\">Lapidari q\u00eb p\u00ebrkujton ngjarjet e realizuara tek Teqeja \u00ebsht\u00eb shnd\u00ebrruar n\u00eb lapidar g\u00ebrmadh\u00eb, q\u00eb vet\u00ebm lapidar\u00eb nuk mund t\u00eb quhet. Shumica e banor\u00ebve q\u00eb jetojn\u00eb n\u00eb fshat m\u00eb thon\u00eb se p\u00ebr mbi 30 vite asnj\u00eb k\u00ebmb\u00eb drejtuesi lokal si drejtuesi i Nj\u00ebsis\u00eb Administrative si dhe Kryetari i Bashkis\u00eb nuk ka shkelur n\u00eb fshat. Deputeti nuk e di ku bje fshati Rabie. M\u00eb fal\u00ebnderuan q\u00eb shkova n\u00eb Rabie dhe u takova , pas nje ecje prej 2 oresh ne k\u00ebmb.<\/div>\n<div dir=\"auto\"><\/div>\n<div dir=\"auto\">U ula shtruar me ata banor, u Gezuan aq shume qe i vizitova, ju premtova qe Lapidarin do ta rregullojm sic ju takon Deshmorve, si dhe rrugen si fillim me \u00e7akull dhe kanalizime, \u00e7akulli ishte shume afer Rabies ne Gllav, mjetet e Bashkis jan, Fadromat, kamionet etj , por bashkia ka prioritet ahengjet, makina elektrike per udhetim Komod te Kryetarit. Ne 14 Maj STOP propagandes, Bashkia e Qytetarve dhe per Qytetaret.<\/div>\n<div dir=\"auto\">\n<div style=\"width: 416px;\" class=\"wp-video\"><!--[if lt IE 9]><script>document.createElement('video');<\/script><![endif]-->\n<video class=\"wp-video-shortcode\" id=\"video-58412-1\" width=\"416\" height=\"656\" preload=\"metadata\" controls=\"controls\"><source type=\"video\/mp4\" src=\"https:\/\/jugulajm.net\/wp-content\/uploads\/2023\/04\/10000000_6008640519256731_60768198398444082_n.mp4?_=1\" \/><a href=\"https:\/\/jugulajm.net\/wp-content\/uploads\/2023\/04\/10000000_6008640519256731_60768198398444082_n.mp4\">https:\/\/jugulajm.net\/wp-content\/uploads\/2023\/04\/10000000_6008640519256731_60768198398444082_n.mp4<\/a><\/video><\/div>\n<\/div>\n<\/div>\n","protected":false},"excerpt":{"rendered":"<p>Kandidati i opozites per Bashkine Memaliaj, Albert Malaj, ka denoncuar mjerimin mesjetar ne fshatin Rabie te Memaliajt. Permes pamjeve filmike, kandidati Malaj ka treguar situaten skandaloze qe komuniteti i atij fshati po &#8221;shijon&#8221; fale Rilindjes. Ja reagimi i plote i Kandidatin te opozites Malaj: N\u00eb Fshatin RABIE Fshati Rabie daton qysh nga shekulli i III-t\u00eb [&hellip;]<\/p>\n","protected":false},"author":5,"featured_media":58414,"comment_status":"closed","ping_status":"open","sticky":false,"template":"","format":"standard","meta":{"footnotes":""},"categories":[1,6332],"tags":[23009,23011,23010,23012,23008],"class_list":{"0":"post-58412","1":"post","2":"type-post","3":"status-publish","4":"format-standard","5":"has-post-thumbnail","7":"category-aktualitet","8":"category-te-fundit","9":"tag-fshat-pa-rruge","10":"tag-pa-qender-shendetesore","11":"tag-pa-shkolle","12":"tag-pa-uje","13":"tag-video-kandidati-i-opozites-malaj-denoncon-mesjeta-troket-ne-rabie-te-memaliaj"},"_links":{"self":[{"href":"https:\/\/jugulajm.net\/index.php?rest_route=\/wp\/v2\/posts\/58412","targetHints":{"allow":["GET"]}}],"collection":[{"href":"https:\/\/jugulajm.net\/index.php?rest_route=\/wp\/v2\/posts"}],"about":[{"href":"https:\/\/jugulajm.net\/index.php?rest_route=\/wp\/v2\/types\/post"}],"author":[{"embeddable":true,"href":"https:\/\/jugulajm.net\/index.php?rest_route=\/wp\/v2\/users\/5"}],"replies":[{"embeddable":true,"href":"https:\/\/jugulajm.net\/index.php?rest_route=%2Fwp%2Fv2%2Fcomments&post=58412"}],"version-history":[{"count":0,"href":"https:\/\/jugulajm.net\/index.php?rest_route=\/wp\/v2\/posts\/58412\/revisions"}],"wp:featuredmedia":[{"embeddable":true,"href":"https:\/\/jugulajm.net\/index.php?rest_route=\/wp\/v2\/media\/58414"}],"wp:attachment":[{"href":"https:\/\/jugulajm.net\/index.php?rest_route=%2Fwp%2Fv2%2Fmedia&parent=58412"}],"wp:term":[{"taxonomy":"category","embeddable":true,"href":"https:\/\/jugulajm.net\/index.php?rest_route=%2Fwp%2Fv2%2Fcategories&post=58412"},{"taxonomy":"post_tag","embeddable":true,"href":"https:\/\/jugulajm.net\/index.php?rest_route=%2Fwp%2Fv2%2Ftags&post=58412"}],"curies":[{"name":"wp","href":"https:\/\/api.w.org\/{rel}","templated":true}]}}