{"id":58386,"date":"2023-04-24T20:54:06","date_gmt":"2023-04-24T18:54:06","guid":{"rendered":"https:\/\/jugulajm.net\/?p=58386"},"modified":"2023-05-31T09:42:16","modified_gmt":"2023-05-31T07:42:16","slug":"flet-gruaja-qe-kerceu-me-ramen-punoj-ne-bashki-ju-se-takoni-dot-kurse-une-kerceva-me-kryeministrin","status":"publish","type":"post","link":"https:\/\/jugulajm.net\/?p=58386","title":{"rendered":"Flet gruaja q\u00eb k\u00ebrceu me Ram\u00ebn: Punoj n\u00eb Bashki, ju s&#8217;e takoni dot, kurse un\u00eb k\u00ebrceva me kryeministrin"},"content":{"rendered":"<p>Sanije Myrto \u00ebsht\u00eb gruaja e cila u b\u00eb virale n\u00eb rrjet pas k\u00ebrcimit q\u00eb b\u00ebri me kryeministrin Edi Rama disa dit\u00eb m\u00eb par\u00eb n\u00eb Kamz\u00eb.<\/p>\n<p>Gruaja u shpreh se tashm\u00eb\u00a0 t\u00eb gjith\u00eb e njohin n\u00eb zon\u00ebn e Kamz\u00ebs.<\/p>\n<p><em>\u201cNdihem shum\u00eb mir\u00eb, ishte k\u00ebnaq\u00ebsi, u arg\u00ebtuam, u b\u00ebm\u00eb. Ju po k\u00ebrkoheni t\u00eb takoheni me kryeministrin dhe se takoni dot, un\u00eb k\u00ebrceva me t\u00eb. \u00cbsht\u00eb k\u00ebnaq\u00ebsi p\u00ebr mua, asnj\u00eb gj\u00eb t\u00eb keqe nuk ka. Ma ndjevi shpirti.<\/em><\/p>\n<p><em>Ne po mbillnim pem\u00eb faktikisht, ndaluam dhe e prit\u00ebm kryeministrin, jam mb\u00ebshtet\u00ebse e Partis\u00eb Socialiste. Jan\u00eb t\u00eb pritur, jan\u00eb t\u00eb dashur, t\u00eb gjitha t\u00eb mirat i kan\u00eb, tani kemi shpres\u00eb t\u00eb na rrisin \u00e7ik pensionet, \u00e7ik rrogat.<\/em><\/p>\n<p><em>Un\u00eb jam punonj\u00ebse e pastrim gjelb\u00ebrimit n\u00eb Bashkin\u00eb e Kamz\u00ebs. Te Bashkia jam shum\u00eb e k\u00ebnaqur, marr nj\u00eb 400 mij\u00eb lek\u00ebsh, dhe jam shum\u00eb e k\u00ebnaqur\u201d,<\/em>\u00a0u shpreh ajo.<\/p>\n","protected":false},"excerpt":{"rendered":"<p>Sanije Myrto \u00ebsht\u00eb gruaja e cila u b\u00eb virale n\u00eb rrjet pas k\u00ebrcimit q\u00eb b\u00ebri me kryeministrin Edi Rama disa dit\u00eb m\u00eb par\u00eb n\u00eb Kamz\u00eb. Gruaja u shpreh se tashm\u00eb\u00a0 t\u00eb gjith\u00eb e njohin n\u00eb zon\u00ebn e Kamz\u00ebs. \u201cNdihem shum\u00eb mir\u00eb, ishte k\u00ebnaq\u00ebsi, u arg\u00ebtuam, u b\u00ebm\u00eb. Ju po k\u00ebrkoheni t\u00eb takoheni me kryeministrin dhe [&hellip;]<\/p>\n","protected":false},"author":5,"featured_media":58387,"comment_status":"closed","ping_status":"open","sticky":false,"template":"","format":"standard","meta":{"footnotes":""},"categories":[1,6332],"tags":[22997,22998,22999],"class_list":{"0":"post-58386","1":"post","2":"type-post","3":"status-publish","4":"format-standard","5":"has-post-thumbnail","7":"category-aktualitet","8":"category-te-fundit","9":"tag-flet-gruaja-qe-kerceu-me-ramen-punoj-ne-bashki","10":"tag-ju-se-takoni-dot","11":"tag-kurse-une-kerceva-me-kryeministrin"},"_links":{"self":[{"href":"https:\/\/jugulajm.net\/index.php?rest_route=\/wp\/v2\/posts\/58386","targetHints":{"allow":["GET"]}}],"collection":[{"href":"https:\/\/jugulajm.net\/index.php?rest_route=\/wp\/v2\/posts"}],"about":[{"href":"https:\/\/jugulajm.net\/index.php?rest_route=\/wp\/v2\/types\/post"}],"author":[{"embeddable":true,"href":"https:\/\/jugulajm.net\/index.php?rest_route=\/wp\/v2\/users\/5"}],"replies":[{"embeddable":true,"href":"https:\/\/jugulajm.net\/index.php?rest_route=%2Fwp%2Fv2%2Fcomments&post=58386"}],"version-history":[{"count":0,"href":"https:\/\/jugulajm.net\/index.php?rest_route=\/wp\/v2\/posts\/58386\/revisions"}],"wp:featuredmedia":[{"embeddable":true,"href":"https:\/\/jugulajm.net\/index.php?rest_route=\/wp\/v2\/media\/58387"}],"wp:attachment":[{"href":"https:\/\/jugulajm.net\/index.php?rest_route=%2Fwp%2Fv2%2Fmedia&parent=58386"}],"wp:term":[{"taxonomy":"category","embeddable":true,"href":"https:\/\/jugulajm.net\/index.php?rest_route=%2Fwp%2Fv2%2Fcategories&post=58386"},{"taxonomy":"post_tag","embeddable":true,"href":"https:\/\/jugulajm.net\/index.php?rest_route=%2Fwp%2Fv2%2Ftags&post=58386"}],"curies":[{"name":"wp","href":"https:\/\/api.w.org\/{rel}","templated":true}]}}