{"id":58337,"date":"2023-04-23T15:04:29","date_gmt":"2023-04-23T13:04:29","guid":{"rendered":"https:\/\/jugulajm.net\/?p=58337"},"modified":"2023-05-31T09:42:17","modified_gmt":"2023-05-31T07:42:17","slug":"emrat-detaje-nga-perplasje-me-arme-2-te-rinj-ne-kerkim","status":"publish","type":"post","link":"https:\/\/jugulajm.net\/?p=58337","title":{"rendered":"EMRAT\/ Detaje nga p\u00ebrplasje me arm\u00eb, 2 t\u00eb rinj n\u00eb k\u00ebrkim"},"content":{"rendered":"<p>Policia e Shtetit ka shpallur n\u00eb k\u00ebrkim dy 19-vje\u00e7ar\u00eb pasi k\u00ebta t\u00eb fundit kan\u00eb q\u00eblluar me arm\u00eb zjarri pas nj\u00eb konflikti dhe m\u00eb pas kan\u00eb braktisur automjetin nga i cili q\u00eblluan.<\/p>\n<p>Dyshohet se pas nj\u00eb konflikti t\u00eb \u00e7astit, p\u00ebr motive t\u00eb dob\u00ebta, shtetasi Anxhelo G\u00ebrmenji, 19 vje\u00e7 n\u00eb bashk\u00ebpunim me shtetasin Faredin \u00c7ela, 19 vje\u00e7, kan\u00eb q\u00eblluar me arm\u00eb zjarri n\u00eb drejtim t\u00eb automjetit t\u00eb shtetasit Igli Dosti, 19 vje\u00e7, i cili n\u00eb momentin e q\u00ebllimit, ishte jasht\u00eb automjetit.<\/p>\n<p>Autor\u00ebt kur kan\u00eb konstatuar se po ndiqeshin nga sh\u00ebrbimet e Policis\u00eb, kan\u00eb braktisur automjetin dhe jan\u00eb larguar n\u00eb nj\u00eb zon\u00eb t\u00eb pyll\u00ebzuar.<\/p>\n<p><strong>Njoftimi i policis\u00eb:<\/strong><\/p>\n<p><em>Q\u00eblluan me arm\u00eb zjarri pas nj\u00eb konflikti, braktis\u00ebn automjetin gjat\u00eb ndjekjes nga Policia dhe u larguan n\u00eb nj\u00eb zon\u00eb t\u00eb pyll\u00ebzuar, identifikohen dhe shpallen n\u00eb k\u00ebrkim dy 19-vje\u00e7ar\u00eb.<\/em><\/p>\n<p><em>N\u00eb \u00c7orovod\u00eb, dyshohet se pas nj\u00eb konflikti t\u00eb \u00e7astit, p\u00ebr motive t\u00eb dob\u00ebta, shtetasi A. G., 19 vje\u00e7 n\u00eb bashk\u00ebpunim me shtetasin F. \u00c7., 19 vje\u00e7, kan\u00eb q\u00eblluar me arm\u00eb zjarri n\u00eb drejtim t\u00eb automjetit t\u00eb shtetasit I. D., 19 vje\u00e7, i cili n\u00eb momentin e q\u00ebllimit, ishte jasht\u00eb automjetit. Nga t\u00eb sht\u00ebnat nuk ka asnj\u00eb shtetas t\u00eb d\u00ebmtuar.<\/em><\/p>\n<p><em>Fal\u00eb reagimit t\u00eb shpejt\u00eb t\u00eb Policis\u00eb, u b\u00eb i mundur identifikimi i autor\u00ebve t\u00eb k\u00ebtij rasti, t\u00eb cil\u00ebt kur kan\u00eb konstatuar se po ndiqeshin nga sh\u00ebrbimet e Policis\u00eb, kan\u00eb braktisur automjetin dhe jan\u00eb larguar n\u00eb nj\u00eb zon\u00eb t\u00eb pyll\u00ebzuar.<\/em><\/p>\n<p><em>Sh\u00ebrbimet e Policis\u00eb vijojn\u00eb ende ndjekjen e tyre dhe kontrollin e zon\u00ebs, me q\u00ebllim kapjen e tyre.<\/em><\/p>\n<p><em>Grupi hetimor, n\u00eb drejtimin e Prokuroris\u00eb, vijon pun\u00ebn p\u00ebr zbardhjen dhe dokumentimin e plot\u00eb ligjor t\u00eb k\u00ebtij rasti.<\/em><\/p>\n","protected":false},"excerpt":{"rendered":"<p>Policia e Shtetit ka shpallur n\u00eb k\u00ebrkim dy 19-vje\u00e7ar\u00eb pasi k\u00ebta t\u00eb fundit kan\u00eb q\u00eblluar me arm\u00eb zjarri pas nj\u00eb konflikti dhe m\u00eb pas kan\u00eb braktisur automjetin nga i cili q\u00eblluan. Dyshohet se pas nj\u00eb konflikti t\u00eb \u00e7astit, p\u00ebr motive t\u00eb dob\u00ebta, shtetasi Anxhelo G\u00ebrmenji, 19 vje\u00e7 n\u00eb bashk\u00ebpunim me shtetasin Faredin \u00c7ela, 19 vje\u00e7, [&hellip;]<\/p>\n","protected":false},"author":5,"featured_media":58339,"comment_status":"closed","ping_status":"open","sticky":false,"template":"","format":"standard","meta":{"footnotes":""},"categories":[1,6332],"tags":[22971,22970],"class_list":{"0":"post-58337","1":"post","2":"type-post","3":"status-publish","4":"format-standard","5":"has-post-thumbnail","7":"category-aktualitet","8":"category-te-fundit","9":"tag-2-te-rinj-ne-kerkim","10":"tag-emrat-detaje-nga-perplasje-me-arme"},"_links":{"self":[{"href":"https:\/\/jugulajm.net\/index.php?rest_route=\/wp\/v2\/posts\/58337","targetHints":{"allow":["GET"]}}],"collection":[{"href":"https:\/\/jugulajm.net\/index.php?rest_route=\/wp\/v2\/posts"}],"about":[{"href":"https:\/\/jugulajm.net\/index.php?rest_route=\/wp\/v2\/types\/post"}],"author":[{"embeddable":true,"href":"https:\/\/jugulajm.net\/index.php?rest_route=\/wp\/v2\/users\/5"}],"replies":[{"embeddable":true,"href":"https:\/\/jugulajm.net\/index.php?rest_route=%2Fwp%2Fv2%2Fcomments&post=58337"}],"version-history":[{"count":0,"href":"https:\/\/jugulajm.net\/index.php?rest_route=\/wp\/v2\/posts\/58337\/revisions"}],"wp:featuredmedia":[{"embeddable":true,"href":"https:\/\/jugulajm.net\/index.php?rest_route=\/wp\/v2\/media\/58339"}],"wp:attachment":[{"href":"https:\/\/jugulajm.net\/index.php?rest_route=%2Fwp%2Fv2%2Fmedia&parent=58337"}],"wp:term":[{"taxonomy":"category","embeddable":true,"href":"https:\/\/jugulajm.net\/index.php?rest_route=%2Fwp%2Fv2%2Fcategories&post=58337"},{"taxonomy":"post_tag","embeddable":true,"href":"https:\/\/jugulajm.net\/index.php?rest_route=%2Fwp%2Fv2%2Ftags&post=58337"}],"curies":[{"name":"wp","href":"https:\/\/api.w.org\/{rel}","templated":true}]}}